{"id":18559,"date":"2021-09-20T12:36:56","date_gmt":"2021-09-20T17:36:56","guid":{"rendered":"https:\/\/encuentroinformativo.com.mx\/?p=18559"},"modified":"2021-09-25T10:37:35","modified_gmt":"2021-09-25T15:37:35","slug":"piden-ayuda-para-localizar-persona-desaparecida-en-rio-actopan","status":"publish","type":"post","link":"https:\/\/encuentroinformativo.com.mx\/?p=18559","title":{"rendered":"Piden ayuda para localizar persona desaparecida en r\u00edo Actopan"},"content":{"rendered":"\n<p><strong>Dar\u00edo Pale <\/strong><\/p>\n\n\n\n<p>Xalapa, Ver.- Familiares del se\u00f1or Jos\u00e9 Antonio Rodr\u00edguez S\u00e1nchez se manifestaron en la plaza Lerdo para solicitar que desv\u00eden cauce del r\u00edo de Actopan unas horas para localizar el cuerpo, ya que actualmente no hay mucha corriente y no se afectar\u00edan comunidades r\u00edo abajo.<\/p>\n\n\n\n<p>Entrevistados durante la manifestaci\u00f3n su hija Rosa Mar\u00eda Rodr\u00edguez Vallejo, pide al Gobernador su apoyo para que puedan desviar el r\u00edo por lo menos unas horas, ya que recordaron que han pasado 9 d\u00edas desde que el se\u00f1or Jos\u00e9 Antonio Rodr\u00edguez S\u00e1nchez cay\u00f3 al r\u00edo Actopan, a la altura de la comunidad Real del Oro, municipio de \u00darsulo Galv\u00e1n.<\/p>\n\n\n\n<p>Proveniente de la localidad de Zempoala su hija, explic\u00f3 que no hay mucha agua en estos momentos y no correr\u00edan riesgo m\u00e1s personas en comunidades r\u00edo abajo, ya que no hay un gran cauce y s\u00f3lo ser\u00edan unas cuantas horas, ya que en donde creen que se encuentra su cuerpo hay hoyos muy profundos de 8 metros con varillas.<\/p>\n\n\n\n<p>El se\u00f1or Jos\u00e9 Antonio Rodr\u00edguez estaba el pasado 12 de septiembre platicando con un hermano sobre la venta de unos animales, ya entrada la madrugada, cuando quiso atravesar el r\u00edo con su moto, pero vino una creciente del r\u00edo y desapareci\u00f3.<\/p>\n\n\n\n<p>Don Jos\u00e9 Antonio tiene 56 a\u00f1os de edad, es alto, de complexi\u00f3n robusta, tiene tatuajes en ambos brazos y es buscado por Protecci\u00f3n Civil, por Escuadr\u00f3n Nacional de Rescate, Fuerza Civil, entre otros grupos.<\/p>\n\n\n\n<p>&#8220;Lo que pedimos es que hable con Conagua para que por favor desv\u00eden el r\u00edo. No queremos d\u00edas, queremos unas cinco horas y esas cinco horas no afectar\u00eda porque son varios r\u00edos los que est\u00e1n secos, que no llevan de agua, dicen que tienen unas obras, pero no son obras, son unos aviones que est\u00e1n haciendo hacia abajo del r\u00edo y si se desv\u00eda ser\u00eda no s\u00f3lo para uno, son otros r\u00edos m\u00e1s que no llevan agua, m\u00e1s aparte para los canales de riego&#8221;, se\u00f1al\u00f3.<\/p>\n\n\n\n<p>La afectada asegur\u00f3 que lo han buscado en las desembocaduras con el mar, en las comunidades de El Limoncito, Galv\u00e1n, Chachalacas, entre otras que van r\u00edo abajo.<\/p>\n\n\n\n<p>Finalmente Rodr\u00edguez Vallejo refiri\u00f3 que hay dos personas que afirman haberlo visto, que cay\u00f3 al cauce del r\u00edo con todo y su moto, pero desde hace 9 d\u00edas que lo buscan no encuentran ni el cuerpo ni la moto.<\/p>\n\n\n\n<figure class=\"wp-block-image size-large\"><img loading=\"lazy\" decoding=\"async\" width=\"750\" height=\"454\" src=\"https:\/\/encuentroinformativo.com.mx\/wp-content\/uploads\/2021\/09\/2F12C379-0E5A-47E7-9D3D-F4393C13B114.jpeg\" alt=\"\" class=\"wp-image-18561\" srcset=\"https:\/\/encuentroinformativo.com.mx\/wp-content\/uploads\/2021\/09\/2F12C379-0E5A-47E7-9D3D-F4393C13B114.jpeg 750w, https:\/\/encuentroinformativo.com.mx\/wp-content\/uploads\/2021\/09\/2F12C379-0E5A-47E7-9D3D-F4393C13B114-300x182.jpeg 300w\" sizes=\"auto, (max-width: 750px) 100vw, 750px\" \/><\/figure>\n","protected":false},"excerpt":{"rendered":"<p>Dar\u00edo Pale Xalapa, Ver.- Familiares del se\u00f1or Jos\u00e9 Antonio Rodr\u00edguez S\u00e1nchez se manifestaron en la plaza Lerdo para solicitar que desv\u00eden cauce del r\u00edo de Actopan unas horas para localizar el cuerpo, ya que actualmente no hay mucha corriente y no se afectar\u00edan comunidades r\u00edo abajo. Entrevistados durante la manifestaci\u00f3n su hija Rosa Mar\u00eda Rodr\u00edguez [&hellip;]<\/p>\n","protected":false},"author":1,"featured_media":18560,"comment_status":"open","ping_status":"open","sticky":false,"template":"","format":"standard","meta":{"_jetpack_memberships_contains_paid_content":false,"footnotes":""},"categories":[8],"tags":[],"class_list":["post-18559","post","type-post","status-publish","format-standard","has-post-thumbnail","hentry","category-region"],"jetpack_featured_media_url":"https:\/\/encuentroinformativo.com.mx\/wp-content\/uploads\/2021\/09\/F19D8F54-4B7D-4E7D-8C68-399D08401D5C.jpeg","jetpack_sharing_enabled":true,"jetpack_likes_enabled":true,"amp_enabled":true,"_links":{"self":[{"href":"https:\/\/encuentroinformativo.com.mx\/index.php?rest_route=\/wp\/v2\/posts\/18559","targetHints":{"allow":["GET"]}}],"collection":[{"href":"https:\/\/encuentroinformativo.com.mx\/index.php?rest_route=\/wp\/v2\/posts"}],"about":[{"href":"https:\/\/encuentroinformativo.com.mx\/index.php?rest_route=\/wp\/v2\/types\/post"}],"author":[{"embeddable":true,"href":"https:\/\/encuentroinformativo.com.mx\/index.php?rest_route=\/wp\/v2\/users\/1"}],"replies":[{"embeddable":true,"href":"https:\/\/encuentroinformativo.com.mx\/index.php?rest_route=%2Fwp%2Fv2%2Fcomments&post=18559"}],"version-history":[{"count":2,"href":"https:\/\/encuentroinformativo.com.mx\/index.php?rest_route=\/wp\/v2\/posts\/18559\/revisions"}],"predecessor-version":[{"id":18741,"href":"https:\/\/encuentroinformativo.com.mx\/index.php?rest_route=\/wp\/v2\/posts\/18559\/revisions\/18741"}],"wp:featuredmedia":[{"embeddable":true,"href":"https:\/\/encuentroinformativo.com.mx\/index.php?rest_route=\/wp\/v2\/media\/18560"}],"wp:attachment":[{"href":"https:\/\/encuentroinformativo.com.mx\/index.php?rest_route=%2Fwp%2Fv2%2Fmedia&parent=18559"}],"wp:term":[{"taxonomy":"category","embeddable":true,"href":"https:\/\/encuentroinformativo.com.mx\/index.php?rest_route=%2Fwp%2Fv2%2Fcategories&post=18559"},{"taxonomy":"post_tag","embeddable":true,"href":"https:\/\/encuentroinformativo.com.mx\/index.php?rest_route=%2Fwp%2Fv2%2Ftags&post=18559"}],"curies":[{"name":"wp","href":"https:\/\/api.w.org\/{rel}","templated":true}]}}