{"id":18566,"date":"2021-09-20T13:52:42","date_gmt":"2021-09-20T18:52:42","guid":{"rendered":"https:\/\/encuentroinformativo.com.mx\/?p=18566"},"modified":"2021-09-20T13:52:45","modified_gmt":"2021-09-20T18:52:45","slug":"de-rumores-califica-secretario-presuntos-casos-de-covid-en-escuelas","status":"publish","type":"post","link":"https:\/\/encuentroinformativo.com.mx\/?p=18566","title":{"rendered":"De \u201crumores\u201d califica secretario presuntos casos de Covid en escuelas"},"content":{"rendered":"\n<p><strong>Juan Arcos <\/strong><\/p>\n\n\n\n<p>Xalapa, Ver.- El titular de la Secretar\u00eda de Educaci\u00f3n de Veracruz (SEV), Zenyazen Escobar Garc\u00eda, declar\u00f3 que los presuntos contagios entre docentes, personal administrativo y alumnos tras el regreso a clases presenciales son \u201cpuros rumores\u201d.<\/p>\n\n\n\n<p>El funcionario estatal dej\u00f3 entrever que no hay casos confirmados de SARS-COV-2 (COVID-19) en ning\u00fan plantel educativo del estado de Veracruz.<\/p>\n\n\n\n<p>\u201cHay rumores siempre, hay ese temor, creo que todos tenemos ese temor de contagiarnos pero es parte del d\u00eda a d\u00eda, del contagio que se puede tener en cualquier lugar\u201d, expres\u00f3.<\/p>\n\n\n\n<p>El entrevistado refiri\u00f3 que en las escuelas se han acatado las medidas sanitarias para prevenir los contagios y evitar la propagaci\u00f3n de la enfermedad.<\/p>\n\n\n\n<p>Enfatiz\u00f3 que se ha garantizado la sana distancia, el chequeo de la temperatura corporal y la aplicaci\u00f3n de gel antibacterial para ingresar a las escuelas.<\/p>\n\n\n\n<p>\u201cTenemos los filtros, las medidas sanitarias, hemos tenido una buena respuesta del regreso a clases. Los compa\u00f1eros tienen que aislarse, tienen su seguridad social donde tienen que acreditar y sea comprobable esta situaci\u00f3n\u201d, insisti\u00f3.<\/p>\n\n\n\n<p>Escobar Garc\u00eda indic\u00f3 que los docentes contagiados de coronavirus debieron acreditar ante las instancias de salud para obtener su incapacidad y justificar sus inasistencia frente a grupo.<\/p>\n","protected":false},"excerpt":{"rendered":"<p>Juan Arcos Xalapa, Ver.- El titular de la Secretar\u00eda de Educaci\u00f3n de Veracruz (SEV), Zenyazen Escobar Garc\u00eda, declar\u00f3 que los presuntos contagios entre docentes, personal administrativo y alumnos tras el regreso a clases presenciales son \u201cpuros rumores\u201d. El funcionario estatal dej\u00f3 entrever que no hay casos confirmados de SARS-COV-2 (COVID-19) en ning\u00fan plantel educativo del [&hellip;]<\/p>\n","protected":false},"author":1,"featured_media":18567,"comment_status":"open","ping_status":"open","sticky":false,"template":"","format":"standard","meta":{"_jetpack_memberships_contains_paid_content":false,"footnotes":""},"categories":[9],"tags":[],"class_list":["post-18566","post","type-post","status-publish","format-standard","has-post-thumbnail","hentry","category-salud"],"jetpack_featured_media_url":"https:\/\/encuentroinformativo.com.mx\/wp-content\/uploads\/2021\/09\/F0D477AB-949B-4C2E-9CEA-F894CF096565.jpeg","jetpack_sharing_enabled":true,"jetpack_likes_enabled":true,"amp_enabled":true,"_links":{"self":[{"href":"https:\/\/encuentroinformativo.com.mx\/index.php?rest_route=\/wp\/v2\/posts\/18566","targetHints":{"allow":["GET"]}}],"collection":[{"href":"https:\/\/encuentroinformativo.com.mx\/index.php?rest_route=\/wp\/v2\/posts"}],"about":[{"href":"https:\/\/encuentroinformativo.com.mx\/index.php?rest_route=\/wp\/v2\/types\/post"}],"author":[{"embeddable":true,"href":"https:\/\/encuentroinformativo.com.mx\/index.php?rest_route=\/wp\/v2\/users\/1"}],"replies":[{"embeddable":true,"href":"https:\/\/encuentroinformativo.com.mx\/index.php?rest_route=%2Fwp%2Fv2%2Fcomments&post=18566"}],"version-history":[{"count":1,"href":"https:\/\/encuentroinformativo.com.mx\/index.php?rest_route=\/wp\/v2\/posts\/18566\/revisions"}],"predecessor-version":[{"id":18568,"href":"https:\/\/encuentroinformativo.com.mx\/index.php?rest_route=\/wp\/v2\/posts\/18566\/revisions\/18568"}],"wp:featuredmedia":[{"embeddable":true,"href":"https:\/\/encuentroinformativo.com.mx\/index.php?rest_route=\/wp\/v2\/media\/18567"}],"wp:attachment":[{"href":"https:\/\/encuentroinformativo.com.mx\/index.php?rest_route=%2Fwp%2Fv2%2Fmedia&parent=18566"}],"wp:term":[{"taxonomy":"category","embeddable":true,"href":"https:\/\/encuentroinformativo.com.mx\/index.php?rest_route=%2Fwp%2Fv2%2Fcategories&post=18566"},{"taxonomy":"post_tag","embeddable":true,"href":"https:\/\/encuentroinformativo.com.mx\/index.php?rest_route=%2Fwp%2Fv2%2Ftags&post=18566"}],"curies":[{"name":"wp","href":"https:\/\/api.w.org\/{rel}","templated":true}]}}