{"id":18569,"date":"2021-09-20T14:16:27","date_gmt":"2021-09-20T19:16:27","guid":{"rendered":"https:\/\/encuentroinformativo.com.mx\/?p=18569"},"modified":"2021-09-20T14:16:31","modified_gmt":"2021-09-20T19:16:31","slug":"ayuntamiento-de-veracruz-se-recupero-de-deficit-de-250-mdp-segun-alcalde","status":"publish","type":"post","link":"https:\/\/encuentroinformativo.com.mx\/?p=18569","title":{"rendered":"Ayuntamiento de Veracruz se recuper\u00f3 de deficit de 250 mdp, seg\u00fan alcalde"},"content":{"rendered":"\n<p><strong>Alejandro \u00c1vila<\/strong><\/p>\n\n\n\n<p>Veracruz, Ver.- El alcalde de Veracruz, Fernando Yunes M\u00e1rquez, mencion\u00f3 que el Ayuntamiento que preside se recuper\u00f3 de un deficit de 250 millones de pesos que le dejaron de deuda y entregar\u00e1 la admnistraci\u00f3n a su sucesor con finanzas sanas.<\/p>\n\n\n\n<p>Destac\u00f3 que desde el segundo d\u00eda de trabajo, decenas de proveedores acudieron al Ayuntamiento a cobrar facturas por trabajos realizados durante la administraci\u00f3n de Ram\u00f3n Poo Gil.<\/p>\n\n\n\n<p>&#8220;Cuando nosotros llegamos nos hab\u00edan dejado 250 millones de deuda. Es decir el 2 de enero, el primer d\u00eda h\u00e1bil, estaba la gente en la Tesorer\u00eda Municipal diciendo &#8216;t\u00fa me debes, y aqu\u00ed est\u00e1 mi factura, y aqu\u00ed est\u00e1 lo que yo hice&#8217; y era gente que s\u00ed hab\u00eda hecho la chamba, no vayan a pensar que era gente que nada m\u00e1s quer\u00eda cobrar. Y empezamos en realidad y aqu\u00ed est\u00e1n las regidoras y regidores, de menos 250 millones, porque unos dicen &#8216;bueno empezaron de cero&#8217;, pues m\u00ednimo yo hub\u00edera querido empezar de cero la administraci\u00f3n&#8221;, relat\u00f3 el panista.<\/p>\n\n\n\n<p>En ese sentido, Yunes M\u00e1rquez explic\u00f3 que a partir del 1 de enero, la alcaldesa electa, Patricia Lobeira Rodr\u00edguez asumir\u00e1 el cargo en su remplazo y a diferencia de su antecesor, \u00e9l dejar\u00e1 las finanzas sanas para que inicie sin deuda alguna; adem\u00e1s de que entregar\u00e1 proyectos como sugerencia para que se puedan realizar durante los siguentes 4 a\u00f1os.<\/p>\n\n\n\n<p>Esta lunes el presidente municipal Fernando Yunes M\u00e1rquez, present\u00f3 la remodelaci\u00f3n de la calle Playa Bella Vista en la colonia Infonavit Buena Vista, la cual conecta a 15 mil vecinos con las colonias Reserva Tarimoya 1 y Playa Linda.<\/p>\n","protected":false},"excerpt":{"rendered":"<p>Alejandro \u00c1vila Veracruz, Ver.- El alcalde de Veracruz, Fernando Yunes M\u00e1rquez, mencion\u00f3 que el Ayuntamiento que preside se recuper\u00f3 de un deficit de 250 millones de pesos que le dejaron de deuda y entregar\u00e1 la admnistraci\u00f3n a su sucesor con finanzas sanas. Destac\u00f3 que desde el segundo d\u00eda de trabajo, decenas de proveedores acudieron al [&hellip;]<\/p>\n","protected":false},"author":1,"featured_media":18570,"comment_status":"open","ping_status":"open","sticky":false,"template":"","format":"standard","meta":{"_jetpack_memberships_contains_paid_content":false,"footnotes":""},"categories":[2],"tags":[],"class_list":["post-18569","post","type-post","status-publish","format-standard","has-post-thumbnail","hentry","category-estado"],"jetpack_featured_media_url":"https:\/\/encuentroinformativo.com.mx\/wp-content\/uploads\/2021\/09\/FACC0784-8790-4F21-A475-390498EBD3E3.jpeg","jetpack_sharing_enabled":true,"jetpack_likes_enabled":true,"amp_enabled":true,"_links":{"self":[{"href":"https:\/\/encuentroinformativo.com.mx\/index.php?rest_route=\/wp\/v2\/posts\/18569","targetHints":{"allow":["GET"]}}],"collection":[{"href":"https:\/\/encuentroinformativo.com.mx\/index.php?rest_route=\/wp\/v2\/posts"}],"about":[{"href":"https:\/\/encuentroinformativo.com.mx\/index.php?rest_route=\/wp\/v2\/types\/post"}],"author":[{"embeddable":true,"href":"https:\/\/encuentroinformativo.com.mx\/index.php?rest_route=\/wp\/v2\/users\/1"}],"replies":[{"embeddable":true,"href":"https:\/\/encuentroinformativo.com.mx\/index.php?rest_route=%2Fwp%2Fv2%2Fcomments&post=18569"}],"version-history":[{"count":1,"href":"https:\/\/encuentroinformativo.com.mx\/index.php?rest_route=\/wp\/v2\/posts\/18569\/revisions"}],"predecessor-version":[{"id":18571,"href":"https:\/\/encuentroinformativo.com.mx\/index.php?rest_route=\/wp\/v2\/posts\/18569\/revisions\/18571"}],"wp:featuredmedia":[{"embeddable":true,"href":"https:\/\/encuentroinformativo.com.mx\/index.php?rest_route=\/wp\/v2\/media\/18570"}],"wp:attachment":[{"href":"https:\/\/encuentroinformativo.com.mx\/index.php?rest_route=%2Fwp%2Fv2%2Fmedia&parent=18569"}],"wp:term":[{"taxonomy":"category","embeddable":true,"href":"https:\/\/encuentroinformativo.com.mx\/index.php?rest_route=%2Fwp%2Fv2%2Fcategories&post=18569"},{"taxonomy":"post_tag","embeddable":true,"href":"https:\/\/encuentroinformativo.com.mx\/index.php?rest_route=%2Fwp%2Fv2%2Ftags&post=18569"}],"curies":[{"name":"wp","href":"https:\/\/api.w.org\/{rel}","templated":true}]}}