{"id":18578,"date":"2021-09-20T15:22:25","date_gmt":"2021-09-20T20:22:25","guid":{"rendered":"https:\/\/encuentroinformativo.com.mx\/?p=18578"},"modified":"2021-09-20T15:22:28","modified_gmt":"2021-09-20T20:22:28","slug":"trasciende-detencion-de-fidel-n-ex-dueno-de-equipo-de-futbol","status":"publish","type":"post","link":"https:\/\/encuentroinformativo.com.mx\/?p=18578","title":{"rendered":"Trasciende detenci\u00f3n de Fidel \u201cN\u201d, ex due\u00f1o de equipo de f\u00fatbol"},"content":{"rendered":"\n<p><strong>Alejandro \u00c1vila<\/strong><\/p>\n\n\n\n<p>Veracruz, Ver.- La tarde de este lunes 20 de septiembre trascendi\u00f3 la supuesta detenci\u00f3n del ex pol\u00edtico, empresario y ex due\u00f1o de los Tiburones Rojos de Veracruz, Fidel \u201cN\u201d, versi\u00f3n que fue confirmada m\u00e1s tarde.<\/p>\n\n\n\n<p>Fidel \u201cN\u201d fue detenido por elementos de la Fiscal\u00eda del Estado de M\u00e9xico y fue trasladado al penal de Santiaguito en Almoloya de Ju\u00e1rez.\u00a0<\/p>\n\n\n\n<p>Seg\u00fan la informaci\u00f3n obtenida, la televisora Tv Azteca, propiedad de Ricardo Salinas Pliego, hab\u00eda demandado al orizabe\u00f1o por el adeudo de 120 millones de pesos, monto que le prest\u00f3 a la Promotora del Valle de Orizaba para pagar a la Federaci\u00f3n Mexicana de Futbol en 2018, como parte de la multa por el descenso de los Tiburones Rojos de Veracruz.<\/p>\n\n\n\n<p>Hasta el momento no se han dado m\u00e1s detalles de la detenci\u00f3n del ex diputado federal por el PRI, quien mantiene tambi\u00e9n procesos legales contra el Gobierno del Estado de Veracruz por la poseci\u00f3n del estadio de futbol Luis de la Fuente &#8220;El Pirata&#8221;; as\u00ed como con directivos de la FMF, y Alejandro Iraragorri, a quienes el veracruzano acusa de fraude.<\/p>\n\n\n\n<p>El empresario mantiene sus negocios m\u00e1s fuertes en la ciudad de Orizaba, donde es due\u00f1o de una empresa transportista, y en el pasado procesos electoral estuvo inmuscuido en la &#8220;Pluviosilla&#8221;, pues su hija fue candidata a una curul federal por el partido Redes Sociales Progresistas.<\/p>\n","protected":false},"excerpt":{"rendered":"<p>Alejandro \u00c1vila Veracruz, Ver.- La tarde de este lunes 20 de septiembre trascendi\u00f3 la supuesta detenci\u00f3n del ex pol\u00edtico, empresario y ex due\u00f1o de los Tiburones Rojos de Veracruz, Fidel \u201cN\u201d, versi\u00f3n que fue confirmada m\u00e1s tarde. Fidel \u201cN\u201d fue detenido por elementos de la Fiscal\u00eda del Estado de M\u00e9xico y fue trasladado al penal [&hellip;]<\/p>\n","protected":false},"author":1,"featured_media":18579,"comment_status":"open","ping_status":"open","sticky":false,"template":"","format":"standard","meta":{"_jetpack_memberships_contains_paid_content":false,"footnotes":""},"categories":[2],"tags":[],"class_list":["post-18578","post","type-post","status-publish","format-standard","has-post-thumbnail","hentry","category-estado"],"jetpack_featured_media_url":"https:\/\/encuentroinformativo.com.mx\/wp-content\/uploads\/2021\/09\/27821C9B-3878-4094-9336-0F9C651675BD.jpeg","jetpack_sharing_enabled":true,"jetpack_likes_enabled":true,"amp_enabled":true,"_links":{"self":[{"href":"https:\/\/encuentroinformativo.com.mx\/index.php?rest_route=\/wp\/v2\/posts\/18578","targetHints":{"allow":["GET"]}}],"collection":[{"href":"https:\/\/encuentroinformativo.com.mx\/index.php?rest_route=\/wp\/v2\/posts"}],"about":[{"href":"https:\/\/encuentroinformativo.com.mx\/index.php?rest_route=\/wp\/v2\/types\/post"}],"author":[{"embeddable":true,"href":"https:\/\/encuentroinformativo.com.mx\/index.php?rest_route=\/wp\/v2\/users\/1"}],"replies":[{"embeddable":true,"href":"https:\/\/encuentroinformativo.com.mx\/index.php?rest_route=%2Fwp%2Fv2%2Fcomments&post=18578"}],"version-history":[{"count":1,"href":"https:\/\/encuentroinformativo.com.mx\/index.php?rest_route=\/wp\/v2\/posts\/18578\/revisions"}],"predecessor-version":[{"id":18580,"href":"https:\/\/encuentroinformativo.com.mx\/index.php?rest_route=\/wp\/v2\/posts\/18578\/revisions\/18580"}],"wp:featuredmedia":[{"embeddable":true,"href":"https:\/\/encuentroinformativo.com.mx\/index.php?rest_route=\/wp\/v2\/media\/18579"}],"wp:attachment":[{"href":"https:\/\/encuentroinformativo.com.mx\/index.php?rest_route=%2Fwp%2Fv2%2Fmedia&parent=18578"}],"wp:term":[{"taxonomy":"category","embeddable":true,"href":"https:\/\/encuentroinformativo.com.mx\/index.php?rest_route=%2Fwp%2Fv2%2Fcategories&post=18578"},{"taxonomy":"post_tag","embeddable":true,"href":"https:\/\/encuentroinformativo.com.mx\/index.php?rest_route=%2Fwp%2Fv2%2Ftags&post=18578"}],"curies":[{"name":"wp","href":"https:\/\/api.w.org\/{rel}","templated":true}]}}