{"id":18584,"date":"2021-09-20T12:35:27","date_gmt":"2021-09-20T17:35:27","guid":{"rendered":"https:\/\/encuentroinformativo.com.mx\/?p=18584"},"modified":"2021-09-20T15:41:19","modified_gmt":"2021-09-20T20:41:19","slug":"con-toque-de-campanas-rechaza-iglesia-despenalizacion-del-aborto","status":"publish","type":"post","link":"https:\/\/encuentroinformativo.com.mx\/?p=18584","title":{"rendered":"Con toque de campanas, rechaza Iglesia despenalizaci\u00f3n del aborto"},"content":{"rendered":"\n<p><strong>Juan Arcos <\/strong><\/p>\n\n\n\n<p>Xalapa, Ver.- En punto de las 12:00 horas de este lunes 20 de septiembre fueron sonadas las campanas de la Catedral Metropolitana de Xalapa, en rechazo a la despenalizaci\u00f3n del aborto.<\/p>\n\n\n\n<p>La Iglesia Cat\u00f3lica se manifest\u00f3 de esta manera contra los recientes fallos de la Suprema Corte de Justicia de la Naci\u00f3n (SCJN), relativos al C\u00f3digo Penal de Coahuila y a la Constituci\u00f3n Pol\u00edtica de Sinaloa con los cuales se ha despenalizado el aborto y se ha declarado que es inconstitucional proteger la vida desde la concepci\u00f3n.<\/p>\n\n\n\n<p>Mientras las campanas sonaban, una religiosa se puso de rodillas en Plaza Sebasti\u00e1n Lerdo de Tejada, frente a Palacio de Gobierno para rezar el rosario y pedir por los \u201cindefensos\u201d.<\/p>\n\n\n\n<p>Cabe recordar que el pasado 7 de septiembre, diez ministros de la SCJN, votaron en forma concertada a favor de invalidar algunos art\u00edculos del C\u00f3digo Penal de Coahuila donde se se\u00f1alaba una pena de c\u00e1rcel por el delito del aborto, as\u00ed como sanciones a profesionales de la salud que participaran en ese acto. Dos d\u00edas despu\u00e9s, el 9 de septiembre, los ministros de la Corte establecieron que es inconstitucional proteger la vida desde la concepci\u00f3n.<\/p>\n\n\n\n<p>Por este motivo, las campanas tambi\u00e9n fueron sonadas en las distintas capillas de la Arquidi\u00f3cesis de Xalapa, ofreciendo oraciones por los no nacidos.<\/p>\n\n\n\n<p>A partir del mes de octubre, el d\u00eda 20 de cada mes, la Iglesia Cat\u00f3lica orar\u00e1 por los ni\u00f1os no nacidos y bendecir\u00e1 a las mujeres embarazadas que gusten asistir y recibir la bendici\u00f3n para ellas y para sus hijos por nacer.<\/p>\n\n\n\n<p>Cabe recordar que, el pasado 13 de septiembre, grupos provida protestaron afuera de la Casa de Cultura Jur\u00eddica de la Suprema Corte de Justicia de la Naci\u00f3n (SCJN), ubicada en Xalapa, para pronunciarse contra el aborto.<\/p>\n\n\n\n<p>Los integrantes del Frente Nacional por la Familia (FNF) se manifestaron de manera simult\u00e1nea en el puerto de Veracruz, C\u00f3rdoba y Orizaba, tras la despenalizaci\u00f3n del aborto en todos los juzgados del pa\u00eds, acciones que persistir\u00e1n en la entidad.<\/p>\n","protected":false},"excerpt":{"rendered":"<p>Juan Arcos Xalapa, Ver.- En punto de las 12:00 horas de este lunes 20 de septiembre fueron sonadas las campanas de la Catedral Metropolitana de Xalapa, en rechazo a la despenalizaci\u00f3n del aborto. La Iglesia Cat\u00f3lica se manifest\u00f3 de esta manera contra los recientes fallos de la Suprema Corte de Justicia de la Naci\u00f3n (SCJN), [&hellip;]<\/p>\n","protected":false},"author":1,"featured_media":18585,"comment_status":"open","ping_status":"open","sticky":false,"template":"","format":"standard","meta":{"_jetpack_memberships_contains_paid_content":false,"footnotes":""},"categories":[3],"tags":[],"class_list":["post-18584","post","type-post","status-publish","format-standard","has-post-thumbnail","hentry","category-xalapa"],"jetpack_featured_media_url":"https:\/\/encuentroinformativo.com.mx\/wp-content\/uploads\/2021\/09\/7EA2FA5D-1387-4C80-BC96-E337422E3537.jpeg","jetpack_sharing_enabled":true,"jetpack_likes_enabled":true,"amp_enabled":true,"_links":{"self":[{"href":"https:\/\/encuentroinformativo.com.mx\/index.php?rest_route=\/wp\/v2\/posts\/18584","targetHints":{"allow":["GET"]}}],"collection":[{"href":"https:\/\/encuentroinformativo.com.mx\/index.php?rest_route=\/wp\/v2\/posts"}],"about":[{"href":"https:\/\/encuentroinformativo.com.mx\/index.php?rest_route=\/wp\/v2\/types\/post"}],"author":[{"embeddable":true,"href":"https:\/\/encuentroinformativo.com.mx\/index.php?rest_route=\/wp\/v2\/users\/1"}],"replies":[{"embeddable":true,"href":"https:\/\/encuentroinformativo.com.mx\/index.php?rest_route=%2Fwp%2Fv2%2Fcomments&post=18584"}],"version-history":[{"count":1,"href":"https:\/\/encuentroinformativo.com.mx\/index.php?rest_route=\/wp\/v2\/posts\/18584\/revisions"}],"predecessor-version":[{"id":18586,"href":"https:\/\/encuentroinformativo.com.mx\/index.php?rest_route=\/wp\/v2\/posts\/18584\/revisions\/18586"}],"wp:featuredmedia":[{"embeddable":true,"href":"https:\/\/encuentroinformativo.com.mx\/index.php?rest_route=\/wp\/v2\/media\/18585"}],"wp:attachment":[{"href":"https:\/\/encuentroinformativo.com.mx\/index.php?rest_route=%2Fwp%2Fv2%2Fmedia&parent=18584"}],"wp:term":[{"taxonomy":"category","embeddable":true,"href":"https:\/\/encuentroinformativo.com.mx\/index.php?rest_route=%2Fwp%2Fv2%2Fcategories&post=18584"},{"taxonomy":"post_tag","embeddable":true,"href":"https:\/\/encuentroinformativo.com.mx\/index.php?rest_route=%2Fwp%2Fv2%2Ftags&post=18584"}],"curies":[{"name":"wp","href":"https:\/\/api.w.org\/{rel}","templated":true}]}}