{"id":18592,"date":"2021-09-21T11:28:31","date_gmt":"2021-09-21T16:28:31","guid":{"rendered":"https:\/\/encuentroinformativo.com.mx\/?p=18592"},"modified":"2021-09-21T11:28:34","modified_gmt":"2021-09-21T16:28:34","slug":"registran-retrasos-obras-en-mercado-malibran","status":"publish","type":"post","link":"https:\/\/encuentroinformativo.com.mx\/?p=18592","title":{"rendered":"Registran retrasos obras en Mercado Malibran"},"content":{"rendered":"\n<p><strong>Alejandro \u00c1vila<\/strong><\/p>\n\n\n\n<p>Veracruz, Ver.- La fase 3 de las obras que realiza el Ayuntamiento de Veracruz en el mercado Malibran se encuentran contra reloj debido a los retrasos por lluvias, declar\u00f3 Antonio Castro Ortiz, presidente de la Uni\u00f3n de Comerciantes &#8220;Emiliano Zapata&#8221;.<\/p>\n\n\n\n<p>Esta etapa contempla un ramal completo del &#8220;coraz\u00f3n&#8221; de la zona de menudeo hasta el Paseo Floresta Oriente, adem\u00e1s de colocar drenaje en las secci\u00f3n conocida como &#8220;UGOCEP&#8221; y una calle de concreto hidr\u00e1ulico entre la zona de menudeo y bodegas, as\u00ed como dos tragatormentas; todo esto con una inversi\u00f3n de casi 6 millones de pesos.<\/p>\n\n\n\n<p>&#8220;Adem\u00e1s de un ramal que va de esta zona de menudeo hasta donde est\u00e1 la fase 2, para conectar la red. Y ya para terminar ah\u00ed, esperamos que de tiempo, est\u00e1n contemplados dos tragatormentas entre la manzana 1 y la 2, y entre la 2 y la 3. Si llegamos a concluir todas esas obras, nosotros nos vamos a dar por bien servidos (\u2026) no todav\u00eda falta otra fase, pero ya llevar\u00edamos avanzado un 75 por ciento, ya nos quedar\u00eda una fase para la otra administraci\u00f3n, para que le de seguimiento&#8221;, apunt\u00f3&nbsp;<\/p>\n\n\n\n<p>Antonio Castro reconoci\u00f3 que de los 33 a\u00f1os de existencia del mercado, durante los primeros 10 no lograron una sola obra de mejora, pues en esa \u00e9poca los locatarios estaban separados y ve\u00edan su propio beneficio; posteriormente, decidieron unir fuerzas y comenzaron a lograr obra p\u00fablica por parte del municipio, siendo la actual administraci\u00f3n, la que m\u00e1s trabajos a realizado en beneficio de los 1 500 locatarios y m\u00e1s de 300 mil personas diarias que acuden a los comercios.<\/p>\n\n\n\n<p>&#8220;Por ejemplo, ahorita con Ram\u00f3n Poo pensamos nosotros que nos iba a ir muy bien, porque era hijo de Don Gerardo, que fue el fund\u00f3 el mercado, pero desgraciadamente no nos hizo nada. Nosotros creemos que eso fue por el gobernador del Estado, que estaba ocupado en otras cosas, y al gobierno municipal no le mand\u00f3 dinero y Ram\u00f3n Poo no nos pudo hacer nada, despu\u00e9s entr\u00f3 el PAN, otra vez, y el PAN nos ha hecho bastante&#8221;, asest\u00f3.<\/p>\n","protected":false},"excerpt":{"rendered":"<p>Alejandro \u00c1vila Veracruz, Ver.- La fase 3 de las obras que realiza el Ayuntamiento de Veracruz en el mercado Malibran se encuentran contra reloj debido a los retrasos por lluvias, declar\u00f3 Antonio Castro Ortiz, presidente de la Uni\u00f3n de Comerciantes &#8220;Emiliano Zapata&#8221;. Esta etapa contempla un ramal completo del &#8220;coraz\u00f3n&#8221; de la zona de menudeo [&hellip;]<\/p>\n","protected":false},"author":1,"featured_media":18593,"comment_status":"open","ping_status":"open","sticky":false,"template":"","format":"standard","meta":{"_jetpack_memberships_contains_paid_content":false,"footnotes":""},"categories":[2],"tags":[],"class_list":["post-18592","post","type-post","status-publish","format-standard","has-post-thumbnail","hentry","category-estado"],"jetpack_featured_media_url":"https:\/\/encuentroinformativo.com.mx\/wp-content\/uploads\/2021\/09\/45A174CE-79FD-4CB5-8B07-5DBA5A805C19.jpeg","jetpack_sharing_enabled":true,"jetpack_likes_enabled":true,"amp_enabled":true,"_links":{"self":[{"href":"https:\/\/encuentroinformativo.com.mx\/index.php?rest_route=\/wp\/v2\/posts\/18592","targetHints":{"allow":["GET"]}}],"collection":[{"href":"https:\/\/encuentroinformativo.com.mx\/index.php?rest_route=\/wp\/v2\/posts"}],"about":[{"href":"https:\/\/encuentroinformativo.com.mx\/index.php?rest_route=\/wp\/v2\/types\/post"}],"author":[{"embeddable":true,"href":"https:\/\/encuentroinformativo.com.mx\/index.php?rest_route=\/wp\/v2\/users\/1"}],"replies":[{"embeddable":true,"href":"https:\/\/encuentroinformativo.com.mx\/index.php?rest_route=%2Fwp%2Fv2%2Fcomments&post=18592"}],"version-history":[{"count":1,"href":"https:\/\/encuentroinformativo.com.mx\/index.php?rest_route=\/wp\/v2\/posts\/18592\/revisions"}],"predecessor-version":[{"id":18594,"href":"https:\/\/encuentroinformativo.com.mx\/index.php?rest_route=\/wp\/v2\/posts\/18592\/revisions\/18594"}],"wp:featuredmedia":[{"embeddable":true,"href":"https:\/\/encuentroinformativo.com.mx\/index.php?rest_route=\/wp\/v2\/media\/18593"}],"wp:attachment":[{"href":"https:\/\/encuentroinformativo.com.mx\/index.php?rest_route=%2Fwp%2Fv2%2Fmedia&parent=18592"}],"wp:term":[{"taxonomy":"category","embeddable":true,"href":"https:\/\/encuentroinformativo.com.mx\/index.php?rest_route=%2Fwp%2Fv2%2Fcategories&post=18592"},{"taxonomy":"post_tag","embeddable":true,"href":"https:\/\/encuentroinformativo.com.mx\/index.php?rest_route=%2Fwp%2Fv2%2Ftags&post=18592"}],"curies":[{"name":"wp","href":"https:\/\/api.w.org\/{rel}","templated":true}]}}