{"id":18602,"date":"2021-09-21T12:28:05","date_gmt":"2021-09-21T17:28:05","guid":{"rendered":"https:\/\/encuentroinformativo.com.mx\/?p=18602"},"modified":"2021-09-21T12:28:10","modified_gmt":"2021-09-21T17:28:10","slug":"tragico-accidente-dejo-16-heridos-y-dos-personas-fallecidas","status":"publish","type":"post","link":"https:\/\/encuentroinformativo.com.mx\/?p=18602","title":{"rendered":"Tr\u00e1gico accidente, dej\u00f3 16 heridos y dos personas fallecidas"},"content":{"rendered":"\n<p><strong>Juan Arcos <\/strong><\/p>\n\n\n\n<p>Xalapa, Ver.- Tres personas fallecidas y 16 heridas es el saldo que ha dejado hasta este momento un aparatoso accidente registrado la ma\u00f1ana de este martes 21 de septiembre sobre el bulevar Xalapa-Banderilla.<\/p>\n\n\n\n<p>Los hechos ocurrieron a las 9:27 horas a la altura de la colonia 21 de Marzo, en la capital del estado de Veracruz, con direcci\u00f3n al centro de la ciudad, donde un autob\u00fas tur\u00edstico se qued\u00f3 sin frenos.<\/p>\n\n\n\n<p>De acuerdo con el reporte de la Secretar\u00eda de Protecci\u00f3n Civil (PC), la vialidad fue obstruida por al menos una dos, mientras se llevaban a cabo las maniobras para retirar las unidades y el cuerpo de una persona prensada.<\/p>\n\n\n\n<p>Un total de seis unidades se vieron involucradas en el accidente: un cami\u00f3n de pasajeros, dos veh\u00edculos particulares, una camioneta de redilas y dos taxis, uno de Coacoatzintla y otro de Xalapa.<\/p>\n\n\n\n<p>Los pasajeros relataron que el autob\u00fas se impact\u00f3 contra otro veh\u00edculo, mismo que qued\u00f3 prensado y comenz\u00f3 a incendiarse. La gente, alarmada, rompi\u00f3 los cristales de las ventanas del cami\u00f3n para evacuarlo.<\/p>\n\n\n\n<p>\u201cDesde La Martinica se qued\u00f3 sin frenos, yo ven\u00eda hasta lo \u00faltimo de la unidad, salimos por las ventanas, empezaron a romper los vidrios, desde la bajada ven\u00eda muy duro el cami\u00f3n, se empez\u00f3 a incendiar por dentro, lo apagaron pero s\u00ed hab\u00eda lumbre\u201d, expresaron.<\/p>\n\n\n\n<p>Mientras tanto, el personal de rescate y de la Direcci\u00f3n General de Servicios Periciales terminaban de laborar para retirar a la persona que muri\u00f3 en el sitio.<\/p>\n\n\n\n<p>Hasta las 11:35 la circulaci\u00f3n permanec\u00eda cerrada en ambos carriles de circulaci\u00f3n, debido a que las fuerzas de tarea contin\u00faan trabajando para atender el siniestro.<\/p>\n\n\n\n<figure class=\"wp-block-image size-large\"><img loading=\"lazy\" decoding=\"async\" width=\"729\" height=\"546\" src=\"https:\/\/encuentroinformativo.com.mx\/wp-content\/uploads\/2021\/09\/D6CA1ABA-026B-4DB1-87A1-5AA753B35D40.jpeg\" alt=\"\" class=\"wp-image-18604\" srcset=\"https:\/\/encuentroinformativo.com.mx\/wp-content\/uploads\/2021\/09\/D6CA1ABA-026B-4DB1-87A1-5AA753B35D40.jpeg 729w, https:\/\/encuentroinformativo.com.mx\/wp-content\/uploads\/2021\/09\/D6CA1ABA-026B-4DB1-87A1-5AA753B35D40-300x225.jpeg 300w\" sizes=\"auto, (max-width: 729px) 100vw, 729px\" \/><\/figure>\n","protected":false},"excerpt":{"rendered":"<p>Juan Arcos Xalapa, Ver.- Tres personas fallecidas y 16 heridas es el saldo que ha dejado hasta este momento un aparatoso accidente registrado la ma\u00f1ana de este martes 21 de septiembre sobre el bulevar Xalapa-Banderilla. Los hechos ocurrieron a las 9:27 horas a la altura de la colonia 21 de Marzo, en la capital del [&hellip;]<\/p>\n","protected":false},"author":1,"featured_media":18603,"comment_status":"open","ping_status":"open","sticky":false,"template":"","format":"standard","meta":{"_jetpack_memberships_contains_paid_content":false,"footnotes":""},"categories":[8],"tags":[],"class_list":["post-18602","post","type-post","status-publish","format-standard","has-post-thumbnail","hentry","category-region"],"jetpack_featured_media_url":"https:\/\/encuentroinformativo.com.mx\/wp-content\/uploads\/2021\/09\/F7601A08-3F4B-4DED-A30F-63B3B283D3BE.jpeg","jetpack_sharing_enabled":true,"jetpack_likes_enabled":true,"amp_enabled":true,"_links":{"self":[{"href":"https:\/\/encuentroinformativo.com.mx\/index.php?rest_route=\/wp\/v2\/posts\/18602","targetHints":{"allow":["GET"]}}],"collection":[{"href":"https:\/\/encuentroinformativo.com.mx\/index.php?rest_route=\/wp\/v2\/posts"}],"about":[{"href":"https:\/\/encuentroinformativo.com.mx\/index.php?rest_route=\/wp\/v2\/types\/post"}],"author":[{"embeddable":true,"href":"https:\/\/encuentroinformativo.com.mx\/index.php?rest_route=\/wp\/v2\/users\/1"}],"replies":[{"embeddable":true,"href":"https:\/\/encuentroinformativo.com.mx\/index.php?rest_route=%2Fwp%2Fv2%2Fcomments&post=18602"}],"version-history":[{"count":1,"href":"https:\/\/encuentroinformativo.com.mx\/index.php?rest_route=\/wp\/v2\/posts\/18602\/revisions"}],"predecessor-version":[{"id":18605,"href":"https:\/\/encuentroinformativo.com.mx\/index.php?rest_route=\/wp\/v2\/posts\/18602\/revisions\/18605"}],"wp:featuredmedia":[{"embeddable":true,"href":"https:\/\/encuentroinformativo.com.mx\/index.php?rest_route=\/wp\/v2\/media\/18603"}],"wp:attachment":[{"href":"https:\/\/encuentroinformativo.com.mx\/index.php?rest_route=%2Fwp%2Fv2%2Fmedia&parent=18602"}],"wp:term":[{"taxonomy":"category","embeddable":true,"href":"https:\/\/encuentroinformativo.com.mx\/index.php?rest_route=%2Fwp%2Fv2%2Fcategories&post=18602"},{"taxonomy":"post_tag","embeddable":true,"href":"https:\/\/encuentroinformativo.com.mx\/index.php?rest_route=%2Fwp%2Fv2%2Ftags&post=18602"}],"curies":[{"name":"wp","href":"https:\/\/api.w.org\/{rel}","templated":true}]}}