{"id":18606,"date":"2021-09-21T12:59:45","date_gmt":"2021-09-21T17:59:45","guid":{"rendered":"https:\/\/encuentroinformativo.com.mx\/?p=18606"},"modified":"2021-09-21T12:59:49","modified_gmt":"2021-09-21T17:59:49","slug":"familiares-piden-atencion-medica-para-joven-tono-reyna","status":"publish","type":"post","link":"https:\/\/encuentroinformativo.com.mx\/?p=18606","title":{"rendered":"Familiares piden atenci\u00f3n m\u00e9dica para joven To\u00f1o Reyna"},"content":{"rendered":"\n<p><strong>Alejandro \u00c1vila<\/strong><\/p>\n\n\n\n<p>Veracruz, Ver.- Familiares de Juan Antonio Reyna Velasco, de 25 a\u00f1os, hicieron un llamado a las autoridades del Instituto Mexicano del Seguro Social, as\u00ed como autoridades locales y estatales para que le brinden atenci\u00f3n m\u00e9dica de manera inmediata en la cl\u00ednica n\u00famero 14 del IMSS.<\/p>\n\n\n\n<p>Hace unos meses fue detectado con c\u00e1ncer.<\/p>\n\n\n\n<p>El padre del joven, egresado de la Facultad de Comunicaci\u00f3n de la UV, Juan Reyna, se\u00f1al\u00f3 que su hijo requiere de quimioterapias de manera inmediata, debido a las severas afectaciones como la p\u00e9rdida de vista que ha ocasionado el tumor.<\/p>\n\n\n\n<p>Explic\u00f3 que en junio de este a\u00f1o su hijo fue detectado con un tumor en el est\u00f3mago en la cl\u00ednica 71 del IMSS, desde inici\u00f3 su peregrinar, pues se\u00f1al\u00f3 debido a la falta de capacidad&nbsp; y rapidez del IMSS decidieron realizar todos esos estudios de manera particular.<\/p>\n\n\n\n<p>En esos meses de biopsias y otra clase de estudios su familia lo llev\u00f3 con diversos onc\u00f3logos y hemat\u00f3logos, todos coincidieron en el diagnostico: un c\u00e1ncer que debe ser atendido con inmediatez, es decir le deben aplicar las quimioterapias de manera urgente.<\/p>\n\n\n\n<p>La familia al no contar con recursos suficientes para pagar el tratamiento oncol\u00f3gico de manera particular decidieron regresar a la cl\u00ednica 14, ubicada en la avenida Cuahutemoc de la ciudad de Veracruz, con todos los resultados que tra\u00edan de los m\u00e9dicos anteriores esperaban ser atendidos con prontitud, sin embargo, personal del IMSS les indicaron que deb\u00edan realizarse de nuevo todos los estudios , esto por los protocolos que cuenta el Seguro Social.<\/p>\n\n\n\n<p>Ante esto, los padres de familia pidieron a las autoridades del IMSS no tardar en la realizaci\u00f3n de estos estudios, ya que la ultima vez optaron por pedir su alta voluntaria debido a que los estudios eran tard\u00edos por la falta de recursos o instrumentos del propio hospital.<\/p>\n\n\n\n<p>\u201cOye, nos dicen que hay que hacerle todo de nuevo, que no nos valen estos esrudios que traemos, okey, que se los hagan, pero cuanto van a tardar, \u00bfotro mes? No se cale, mi hijo puede perder la vida en cualquier momento, todo porque ellos demoran semanas hasta para hacerle un estudio b\u00e1sico, eso no se vale, que nos hagan valer estos estudios o que si se los har\u00e1n que se los hagan r\u00e1pido. La salud de mi hijo empeora cada vez m\u00e1s\u201d, a\u00f1adieron<\/p>\n","protected":false},"excerpt":{"rendered":"<p>Alejandro \u00c1vila Veracruz, Ver.- Familiares de Juan Antonio Reyna Velasco, de 25 a\u00f1os, hicieron un llamado a las autoridades del Instituto Mexicano del Seguro Social, as\u00ed como autoridades locales y estatales para que le brinden atenci\u00f3n m\u00e9dica de manera inmediata en la cl\u00ednica n\u00famero 14 del IMSS. Hace unos meses fue detectado con c\u00e1ncer. El [&hellip;]<\/p>\n","protected":false},"author":1,"featured_media":18607,"comment_status":"open","ping_status":"open","sticky":false,"template":"","format":"standard","meta":{"_jetpack_memberships_contains_paid_content":false,"footnotes":""},"categories":[9],"tags":[],"class_list":["post-18606","post","type-post","status-publish","format-standard","has-post-thumbnail","hentry","category-salud"],"jetpack_featured_media_url":"https:\/\/encuentroinformativo.com.mx\/wp-content\/uploads\/2021\/09\/826334A6-1A53-4A29-AF9B-C0DFAC9F3B77.jpeg","jetpack_sharing_enabled":true,"jetpack_likes_enabled":true,"amp_enabled":true,"_links":{"self":[{"href":"https:\/\/encuentroinformativo.com.mx\/index.php?rest_route=\/wp\/v2\/posts\/18606","targetHints":{"allow":["GET"]}}],"collection":[{"href":"https:\/\/encuentroinformativo.com.mx\/index.php?rest_route=\/wp\/v2\/posts"}],"about":[{"href":"https:\/\/encuentroinformativo.com.mx\/index.php?rest_route=\/wp\/v2\/types\/post"}],"author":[{"embeddable":true,"href":"https:\/\/encuentroinformativo.com.mx\/index.php?rest_route=\/wp\/v2\/users\/1"}],"replies":[{"embeddable":true,"href":"https:\/\/encuentroinformativo.com.mx\/index.php?rest_route=%2Fwp%2Fv2%2Fcomments&post=18606"}],"version-history":[{"count":1,"href":"https:\/\/encuentroinformativo.com.mx\/index.php?rest_route=\/wp\/v2\/posts\/18606\/revisions"}],"predecessor-version":[{"id":18608,"href":"https:\/\/encuentroinformativo.com.mx\/index.php?rest_route=\/wp\/v2\/posts\/18606\/revisions\/18608"}],"wp:featuredmedia":[{"embeddable":true,"href":"https:\/\/encuentroinformativo.com.mx\/index.php?rest_route=\/wp\/v2\/media\/18607"}],"wp:attachment":[{"href":"https:\/\/encuentroinformativo.com.mx\/index.php?rest_route=%2Fwp%2Fv2%2Fmedia&parent=18606"}],"wp:term":[{"taxonomy":"category","embeddable":true,"href":"https:\/\/encuentroinformativo.com.mx\/index.php?rest_route=%2Fwp%2Fv2%2Fcategories&post=18606"},{"taxonomy":"post_tag","embeddable":true,"href":"https:\/\/encuentroinformativo.com.mx\/index.php?rest_route=%2Fwp%2Fv2%2Ftags&post=18606"}],"curies":[{"name":"wp","href":"https:\/\/api.w.org\/{rel}","templated":true}]}}