{"id":18609,"date":"2021-09-21T13:11:34","date_gmt":"2021-09-21T18:11:34","guid":{"rendered":"https:\/\/encuentroinformativo.com.mx\/?p=18609"},"modified":"2021-09-21T13:11:37","modified_gmt":"2021-09-21T18:11:37","slug":"perredistas-quieren-cambio-de-dirigencia","status":"publish","type":"post","link":"https:\/\/encuentroinformativo.com.mx\/?p=18609","title":{"rendered":"Perredistas quieren cambio de dirigencia"},"content":{"rendered":"\n<p><strong>Dar\u00edo Pale <\/strong><\/p>\n\n\n\n<p>Xalapa, Ver.- El consejero estatal del Partido de la Revoluci\u00f3n Democr\u00e1tica (PRD), Manuel Bernal Rivera dio a conocer que es impostergable convocar a un consejo estatal ya que est\u00e1n en una nueva etapa de definiciones ya que han perdido presencia y claridad en la discusi\u00f3n pol\u00edtica y publica.<\/p>\n\n\n\n<p>En conferencia de prensa realizada en conocido caf\u00e9 del centro de Xalapa, se\u00f1al\u00f3 que la interrogante actual es, &#8220;\u00bfdonde est\u00e1n los dirigentes de los partidos pol\u00edticos en Veracruz?, lo \u00fanico que escucho de los dirigentes de los partidos pol\u00edticos es el silencio&#8221;.<\/p>\n\n\n\n<p>Tal pareciera que no pasa nada en Veracruz como si no hubiera actos que comentar en materia de justicia, seguridad y problemas sociales entre otros temas, los ardidos pol\u00edticos deben de estar cerca de la ciudadan\u00eda pero no es as\u00ed.<\/p>\n\n\n\n<p>&#8220;Hoy est\u00e1n haciendo guardia en los Berros, yo creo que si Morelos los viera los mandar\u00eda a intentar hacer verdaderos ciervos de la naci\u00f3n y n andar en la parafernalia de falsos patriotas&#8221;, coment\u00f3.<\/p>\n\n\n\n<p>Por lo anterior hace un llamado respetuoso pero en\u00e9rgico a sus dirigentes, en particular a Sergio Cadena y a las consejeras y consejeros ya que es el momento de que se vean como una alternativa de partido ya que lamentablemente no se ven as\u00ed porque hay una gran ausencia entre el partido y la sociedad.<\/p>\n\n\n\n<p>Dio a conocer que \u00e9l PRD est\u00e1 en una nueva etapa de definiciones y han perdido presencia y claridad en la discusi\u00f3n pol\u00edtica y p\u00fablico por lo que deben de realizar una revisi\u00f3n y evaluaci\u00f3n de sus fortalezas y debilidades, por lo que es necesario que convocan a la instalaci\u00f3n de un consejo estatal para dar una amplia y democr\u00e1tica reflexi\u00f3n de cara a las responsabilidades por venir.<\/p>\n\n\n\n<p>Se\u00f1al\u00f3 que durante el consejo estatal se debe de revisar y evaluar para definir tareas y que se asuma el protagonismo de un PRD que debe plantar un debate para su reconstrucci\u00f3n y ser un referente verdadero de las necesidades y de las causas sociales y pol\u00edticas.<\/p>\n\n\n\n<p>Finalmente coment\u00f3 que el ambiente que se respira de intolerancia, de persecuci\u00f3n pol\u00edtica de injusticia y de excesos del gobierno actual en mucho se debe a las debilidades y al silencio de una oposici\u00f3n carente de estructura discursiva adem\u00e1s de direcciones d\u00e9biles.<\/p>\n","protected":false},"excerpt":{"rendered":"<p>Dar\u00edo Pale Xalapa, Ver.- El consejero estatal del Partido de la Revoluci\u00f3n Democr\u00e1tica (PRD), Manuel Bernal Rivera dio a conocer que es impostergable convocar a un consejo estatal ya que est\u00e1n en una nueva etapa de definiciones ya que han perdido presencia y claridad en la discusi\u00f3n pol\u00edtica y publica. En conferencia de prensa realizada [&hellip;]<\/p>\n","protected":false},"author":1,"featured_media":18610,"comment_status":"open","ping_status":"open","sticky":false,"template":"","format":"standard","meta":{"_jetpack_memberships_contains_paid_content":false,"footnotes":""},"categories":[3],"tags":[],"class_list":["post-18609","post","type-post","status-publish","format-standard","has-post-thumbnail","hentry","category-xalapa"],"jetpack_featured_media_url":"https:\/\/encuentroinformativo.com.mx\/wp-content\/uploads\/2021\/09\/F7478BA2-5BA7-4F7B-AB29-31CA65F62FA5.jpeg","jetpack_sharing_enabled":true,"jetpack_likes_enabled":true,"amp_enabled":true,"_links":{"self":[{"href":"https:\/\/encuentroinformativo.com.mx\/index.php?rest_route=\/wp\/v2\/posts\/18609","targetHints":{"allow":["GET"]}}],"collection":[{"href":"https:\/\/encuentroinformativo.com.mx\/index.php?rest_route=\/wp\/v2\/posts"}],"about":[{"href":"https:\/\/encuentroinformativo.com.mx\/index.php?rest_route=\/wp\/v2\/types\/post"}],"author":[{"embeddable":true,"href":"https:\/\/encuentroinformativo.com.mx\/index.php?rest_route=\/wp\/v2\/users\/1"}],"replies":[{"embeddable":true,"href":"https:\/\/encuentroinformativo.com.mx\/index.php?rest_route=%2Fwp%2Fv2%2Fcomments&post=18609"}],"version-history":[{"count":1,"href":"https:\/\/encuentroinformativo.com.mx\/index.php?rest_route=\/wp\/v2\/posts\/18609\/revisions"}],"predecessor-version":[{"id":18611,"href":"https:\/\/encuentroinformativo.com.mx\/index.php?rest_route=\/wp\/v2\/posts\/18609\/revisions\/18611"}],"wp:featuredmedia":[{"embeddable":true,"href":"https:\/\/encuentroinformativo.com.mx\/index.php?rest_route=\/wp\/v2\/media\/18610"}],"wp:attachment":[{"href":"https:\/\/encuentroinformativo.com.mx\/index.php?rest_route=%2Fwp%2Fv2%2Fmedia&parent=18609"}],"wp:term":[{"taxonomy":"category","embeddable":true,"href":"https:\/\/encuentroinformativo.com.mx\/index.php?rest_route=%2Fwp%2Fv2%2Fcategories&post=18609"},{"taxonomy":"post_tag","embeddable":true,"href":"https:\/\/encuentroinformativo.com.mx\/index.php?rest_route=%2Fwp%2Fv2%2Ftags&post=18609"}],"curies":[{"name":"wp","href":"https:\/\/api.w.org\/{rel}","templated":true}]}}