{"id":18612,"date":"2021-09-21T13:18:32","date_gmt":"2021-09-21T18:18:32","guid":{"rendered":"https:\/\/encuentroinformativo.com.mx\/?p=18612"},"modified":"2021-09-21T13:18:35","modified_gmt":"2021-09-21T18:18:35","slug":"buscan-a-sujeto-que-agredio-a-su-esposa-en-alvarado","status":"publish","type":"post","link":"https:\/\/encuentroinformativo.com.mx\/?p=18612","title":{"rendered":"Buscan a sujeto que agredi\u00f3 a su esposa en Alvarado"},"content":{"rendered":"\n<p><strong>Alejandro \u00c1vila<\/strong><\/p>\n\n\n\n<p>Veracruz, Ver. \u2013 En redes sociales de ciudadanos del municipio de Alvarado se comparti\u00f3 la imagen para dar con el paradero de Alberto Barran Garc\u00eda, alias \u201cTadeo\u201d, a quien se le acusa de tentativa de feminicidio en contra de su esposa Yeni L\u00f3pez Salom\u00f3n, la cual se encuentra hospitalizada y reportada como grave.<\/p>\n\n\n\n<p>El padre de la v\u00edctima, V\u00edctor L\u00f3pez P\u00e9rez, relat\u00f3 que el pasado 16 de septiembre de 2021 su hija sufri\u00f3 de violencia f\u00edsica y psicol\u00f3gica por parte de su esposo, quien iracundo tom\u00f3 una pistola y le dispar\u00f3 en dos ocasiones en la cabeza.<\/p>\n\n\n\n<p>\u201cElla se encontraba en su domicilio con el se\u00f1or Alberto Barran Garc\u00eda, la agredi\u00f3 a golpes y luego que la agredi\u00f3 a golpes le dio dos tiros y despu\u00e9s de que le peg\u00f3 unos tiros la sacaron para afuera, la tiraron a la calle como si hubiera sido cualquier basura\u201d, mencion\u00f3 el padre de la v\u00edctima.<\/p>\n\n\n\n<p>Ante esta situaci\u00f3n, el se\u00f1or V\u00edctor L\u00f3pez, pide el apoyo de las autoridades de la Fiscal\u00eda General del Estado para que inicie la b\u00fasqueda de este sujeto que huy\u00f3 de la ciudad; de la misma manera solicita el apoyo de vecinos y amigos para dar con el responsable del intento de feminicidio de su hija de 41 a\u00f1os y de profesi\u00f3n docente en un Jard\u00edn de Ni\u00f1os.<\/p>\n\n\n\n<p>Si bien en algunos puntos se mencion\u00f3 que el agresor era parte de la seguridad personal del alcalde de Alvarado, solo se pudo confirmar que este pertenec\u00eda, hasta el momento de la agresi\u00f3n a la Polic\u00eda Municipal y desde el pasado 16 de septiembre desapareci\u00f3 de la ciudad.<\/p>\n","protected":false},"excerpt":{"rendered":"<p>Alejandro \u00c1vila Veracruz, Ver. \u2013 En redes sociales de ciudadanos del municipio de Alvarado se comparti\u00f3 la imagen para dar con el paradero de Alberto Barran Garc\u00eda, alias \u201cTadeo\u201d, a quien se le acusa de tentativa de feminicidio en contra de su esposa Yeni L\u00f3pez Salom\u00f3n, la cual se encuentra hospitalizada y reportada como grave. [&hellip;]<\/p>\n","protected":false},"author":1,"featured_media":18613,"comment_status":"open","ping_status":"open","sticky":false,"template":"","format":"standard","meta":{"_jetpack_memberships_contains_paid_content":false,"footnotes":""},"categories":[14],"tags":[],"class_list":["post-18612","post","type-post","status-publish","format-standard","has-post-thumbnail","hentry","category-policiaca"],"jetpack_featured_media_url":"https:\/\/encuentroinformativo.com.mx\/wp-content\/uploads\/2021\/09\/CA73C389-C536-4658-A5A1-D884FCB6BBBB.jpeg","jetpack_sharing_enabled":true,"jetpack_likes_enabled":true,"amp_enabled":true,"_links":{"self":[{"href":"https:\/\/encuentroinformativo.com.mx\/index.php?rest_route=\/wp\/v2\/posts\/18612","targetHints":{"allow":["GET"]}}],"collection":[{"href":"https:\/\/encuentroinformativo.com.mx\/index.php?rest_route=\/wp\/v2\/posts"}],"about":[{"href":"https:\/\/encuentroinformativo.com.mx\/index.php?rest_route=\/wp\/v2\/types\/post"}],"author":[{"embeddable":true,"href":"https:\/\/encuentroinformativo.com.mx\/index.php?rest_route=\/wp\/v2\/users\/1"}],"replies":[{"embeddable":true,"href":"https:\/\/encuentroinformativo.com.mx\/index.php?rest_route=%2Fwp%2Fv2%2Fcomments&post=18612"}],"version-history":[{"count":1,"href":"https:\/\/encuentroinformativo.com.mx\/index.php?rest_route=\/wp\/v2\/posts\/18612\/revisions"}],"predecessor-version":[{"id":18614,"href":"https:\/\/encuentroinformativo.com.mx\/index.php?rest_route=\/wp\/v2\/posts\/18612\/revisions\/18614"}],"wp:featuredmedia":[{"embeddable":true,"href":"https:\/\/encuentroinformativo.com.mx\/index.php?rest_route=\/wp\/v2\/media\/18613"}],"wp:attachment":[{"href":"https:\/\/encuentroinformativo.com.mx\/index.php?rest_route=%2Fwp%2Fv2%2Fmedia&parent=18612"}],"wp:term":[{"taxonomy":"category","embeddable":true,"href":"https:\/\/encuentroinformativo.com.mx\/index.php?rest_route=%2Fwp%2Fv2%2Fcategories&post=18612"},{"taxonomy":"post_tag","embeddable":true,"href":"https:\/\/encuentroinformativo.com.mx\/index.php?rest_route=%2Fwp%2Fv2%2Ftags&post=18612"}],"curies":[{"name":"wp","href":"https:\/\/api.w.org\/{rel}","templated":true}]}}