{"id":18615,"date":"2021-09-21T13:24:55","date_gmt":"2021-09-21T18:24:55","guid":{"rendered":"https:\/\/encuentroinformativo.com.mx\/?p=18615"},"modified":"2021-09-21T13:24:58","modified_gmt":"2021-09-21T18:24:58","slug":"vuelca-trailer-en-la-xalapa-banderilla","status":"publish","type":"post","link":"https:\/\/encuentroinformativo.com.mx\/?p=18615","title":{"rendered":"Vuelca tr\u00e1iler en la Xalapa &#8211; Banderilla"},"content":{"rendered":"\n<p><strong>Juan Arcos <\/strong><\/p>\n\n\n\n<p>Xalapa, Ver.- Un segundo accidente ocurri\u00f3 sobre el bulevar Xalapa-Banderilla, donde un tr\u00e1iler volc\u00f3 al intentar frenar de repente ante la gran fila de veh\u00edculos que esperaban el paso tras el otro siniestro.<\/p>\n\n\n\n<p>Estos hechos se registraron a la altura de un puente peatonal en la zona conocida como El Gallito, donde la unidad de carga pesada obstruye la v\u00eda de comunicaci\u00f3n.<\/p>\n\n\n\n<p>Por este accidente, tres personas resultaron lesionadas y fueron atendidas por param\u00e9dicos y polic\u00edas, quienes minutos antes daban seguimiento al choque del autob\u00fas que se qued\u00f3 sin frenos, llev\u00e1ndose varios veh\u00edculos a su paso.<\/p>\n\n\n\n<p>De acuerdo con los primeros reportes, el camionero intent\u00f3 frenar pero no le funcion\u00f3 y comenz\u00f3 a derrapar hasta volcarse y quedar tendido sobre el asfalto con direcci\u00f3n a la capital del estado.<\/p>\n\n\n\n<p>Testigos reportaron el accidente a las autoridades a trav\u00e9s del n\u00famero de emergencias 911, tras la volcadura del tr\u00e1iler.<\/p>\n\n\n\n<p>En pocos minutos, arribaron al sitio elementos de la Cruz Roja, Tr\u00e1nsito Estatal y Polic\u00eda Estatal para auxiliar a los tres lesionados.<\/p>\n","protected":false},"excerpt":{"rendered":"<p>Juan Arcos Xalapa, Ver.- Un segundo accidente ocurri\u00f3 sobre el bulevar Xalapa-Banderilla, donde un tr\u00e1iler volc\u00f3 al intentar frenar de repente ante la gran fila de veh\u00edculos que esperaban el paso tras el otro siniestro. Estos hechos se registraron a la altura de un puente peatonal en la zona conocida como El Gallito, donde la [&hellip;]<\/p>\n","protected":false},"author":1,"featured_media":18616,"comment_status":"open","ping_status":"open","sticky":false,"template":"","format":"standard","meta":{"_jetpack_memberships_contains_paid_content":false,"footnotes":""},"categories":[8],"tags":[],"class_list":["post-18615","post","type-post","status-publish","format-standard","has-post-thumbnail","hentry","category-region"],"jetpack_featured_media_url":"https:\/\/encuentroinformativo.com.mx\/wp-content\/uploads\/2021\/09\/FAFBAF20-60D4-4AD2-9398-79D9C6BC2CC0.jpeg","jetpack_sharing_enabled":true,"jetpack_likes_enabled":true,"amp_enabled":true,"_links":{"self":[{"href":"https:\/\/encuentroinformativo.com.mx\/index.php?rest_route=\/wp\/v2\/posts\/18615","targetHints":{"allow":["GET"]}}],"collection":[{"href":"https:\/\/encuentroinformativo.com.mx\/index.php?rest_route=\/wp\/v2\/posts"}],"about":[{"href":"https:\/\/encuentroinformativo.com.mx\/index.php?rest_route=\/wp\/v2\/types\/post"}],"author":[{"embeddable":true,"href":"https:\/\/encuentroinformativo.com.mx\/index.php?rest_route=\/wp\/v2\/users\/1"}],"replies":[{"embeddable":true,"href":"https:\/\/encuentroinformativo.com.mx\/index.php?rest_route=%2Fwp%2Fv2%2Fcomments&post=18615"}],"version-history":[{"count":1,"href":"https:\/\/encuentroinformativo.com.mx\/index.php?rest_route=\/wp\/v2\/posts\/18615\/revisions"}],"predecessor-version":[{"id":18617,"href":"https:\/\/encuentroinformativo.com.mx\/index.php?rest_route=\/wp\/v2\/posts\/18615\/revisions\/18617"}],"wp:featuredmedia":[{"embeddable":true,"href":"https:\/\/encuentroinformativo.com.mx\/index.php?rest_route=\/wp\/v2\/media\/18616"}],"wp:attachment":[{"href":"https:\/\/encuentroinformativo.com.mx\/index.php?rest_route=%2Fwp%2Fv2%2Fmedia&parent=18615"}],"wp:term":[{"taxonomy":"category","embeddable":true,"href":"https:\/\/encuentroinformativo.com.mx\/index.php?rest_route=%2Fwp%2Fv2%2Fcategories&post=18615"},{"taxonomy":"post_tag","embeddable":true,"href":"https:\/\/encuentroinformativo.com.mx\/index.php?rest_route=%2Fwp%2Fv2%2Ftags&post=18615"}],"curies":[{"name":"wp","href":"https:\/\/api.w.org\/{rel}","templated":true}]}}