{"id":18623,"date":"2021-09-21T12:47:55","date_gmt":"2021-09-21T17:47:55","guid":{"rendered":"https:\/\/encuentroinformativo.com.mx\/?p=18623"},"modified":"2021-09-21T16:52:49","modified_gmt":"2021-09-21T21:52:49","slug":"prd-mete-las-manos-por-militantes-detenidos-afirma-dirigente","status":"publish","type":"post","link":"https:\/\/encuentroinformativo.com.mx\/?p=18623","title":{"rendered":"PRD \u201cmete las manos\u201d por militantes detenidos, afirma dirigente"},"content":{"rendered":"\n<p><strong>Dar\u00edo Pale<\/strong><\/p>\n\n\n\n<p>Xalapa, Ver.- Mete las manos al fuego por Rogelio \u201cN\u201d y Azucena \u201cN\u201d, quienes son los dos perredistas detenidos, por ultrajes a la autoridad y presunto asesinato, respectivamente, as\u00ed lo se\u00f1al\u00f3 el dirigente del partido de la Revoluci\u00f3n Democr\u00e1tica (PRD), Sergio Cadena Mart\u00ednez.<\/p>\n\n\n\n<p>Entrevistado posterior a la guardia de honor en el parque de los Berros se\u00f1al\u00f3 que, tiene miedo por el actuar de las autoridades estatales y encargadas de la procuraci\u00f3n de justicia.<\/p>\n\n\n\n<p>Dio a conocer que en el caso de la exdiputada del Sol Azteca, Azucena \u201cN\u201d detenida por su presunta participaci\u00f3n en el asesinato de su exmarido, reproch\u00f3 que no hay elementos suficientes para vincularla al proceso, por lo que ella deber\u00eda recobrar su libertad.<\/p>\n\n\n\n<p>\u201cEstamos convencidos que le asiste el derecho de estar en libertad. Yo conoci\u00e9ndolos meto las manos al fuego por ellos, y seguimos en la lucha legal, que es lo que realmente importa\u201d, coment\u00f3.<\/p>\n\n\n\n<p>En el caso de Rogelio \u201cN\u201d insisti\u00f3 que deber\u00eda rendir protesta de ley como diputado federal, y pidi\u00f3 que si hay carpetas en curso se act\u00fae conforme a derecho, y que se aplique la ley.<\/p>\n\n\n\n<p>\u201cNosotros seguimos insistiendo que Franco es inocente, que Franco deber\u00eda estar en el Congreso federal, pero seguimos en la lucha legal y el plan jur\u00eddico que es lo que nos interesa\u201d, se\u00f1al\u00f3.<\/p>\n\n\n\n<p>Finalmente asegur\u00f3 que el caso de Azucena la Fiscal\u00eda cre\u00f3 un caso en base a dimes y diretes y asegunes, por lo que el caso se podr\u00eda repetir con otros militantes de la izquierda \u201csomos humanos y claro que tambi\u00e9n tememos\u201d.<\/p>\n","protected":false},"excerpt":{"rendered":"<p>Dar\u00edo Pale Xalapa, Ver.- Mete las manos al fuego por Rogelio \u201cN\u201d y Azucena \u201cN\u201d, quienes son los dos perredistas detenidos, por ultrajes a la autoridad y presunto asesinato, respectivamente, as\u00ed lo se\u00f1al\u00f3 el dirigente del partido de la Revoluci\u00f3n Democr\u00e1tica (PRD), Sergio Cadena Mart\u00ednez. Entrevistado posterior a la guardia de honor en el parque [&hellip;]<\/p>\n","protected":false},"author":1,"featured_media":18624,"comment_status":"open","ping_status":"open","sticky":false,"template":"","format":"standard","meta":{"_jetpack_memberships_contains_paid_content":false,"footnotes":""},"categories":[2],"tags":[],"class_list":["post-18623","post","type-post","status-publish","format-standard","has-post-thumbnail","hentry","category-estado"],"jetpack_featured_media_url":"https:\/\/encuentroinformativo.com.mx\/wp-content\/uploads\/2021\/09\/99A1E74D-1D0B-47EE-8716-6927F1A3E532.jpeg","jetpack_sharing_enabled":true,"jetpack_likes_enabled":true,"amp_enabled":true,"_links":{"self":[{"href":"https:\/\/encuentroinformativo.com.mx\/index.php?rest_route=\/wp\/v2\/posts\/18623","targetHints":{"allow":["GET"]}}],"collection":[{"href":"https:\/\/encuentroinformativo.com.mx\/index.php?rest_route=\/wp\/v2\/posts"}],"about":[{"href":"https:\/\/encuentroinformativo.com.mx\/index.php?rest_route=\/wp\/v2\/types\/post"}],"author":[{"embeddable":true,"href":"https:\/\/encuentroinformativo.com.mx\/index.php?rest_route=\/wp\/v2\/users\/1"}],"replies":[{"embeddable":true,"href":"https:\/\/encuentroinformativo.com.mx\/index.php?rest_route=%2Fwp%2Fv2%2Fcomments&post=18623"}],"version-history":[{"count":1,"href":"https:\/\/encuentroinformativo.com.mx\/index.php?rest_route=\/wp\/v2\/posts\/18623\/revisions"}],"predecessor-version":[{"id":18625,"href":"https:\/\/encuentroinformativo.com.mx\/index.php?rest_route=\/wp\/v2\/posts\/18623\/revisions\/18625"}],"wp:featuredmedia":[{"embeddable":true,"href":"https:\/\/encuentroinformativo.com.mx\/index.php?rest_route=\/wp\/v2\/media\/18624"}],"wp:attachment":[{"href":"https:\/\/encuentroinformativo.com.mx\/index.php?rest_route=%2Fwp%2Fv2%2Fmedia&parent=18623"}],"wp:term":[{"taxonomy":"category","embeddable":true,"href":"https:\/\/encuentroinformativo.com.mx\/index.php?rest_route=%2Fwp%2Fv2%2Fcategories&post=18623"},{"taxonomy":"post_tag","embeddable":true,"href":"https:\/\/encuentroinformativo.com.mx\/index.php?rest_route=%2Fwp%2Fv2%2Ftags&post=18623"}],"curies":[{"name":"wp","href":"https:\/\/api.w.org\/{rel}","templated":true}]}}