{"id":18633,"date":"2021-09-22T11:04:38","date_gmt":"2021-09-22T16:04:38","guid":{"rendered":"https:\/\/encuentroinformativo.com.mx\/?p=18633"},"modified":"2021-09-22T11:04:41","modified_gmt":"2021-09-22T16:04:41","slug":"solicitan-ayuda-para-gastos-medicos-de-victimas-de-accidente","status":"publish","type":"post","link":"https:\/\/encuentroinformativo.com.mx\/?p=18633","title":{"rendered":"Solicitan ayuda para gastos m\u00e9dicos de v\u00edctimas de accidente"},"content":{"rendered":"\n<p><strong>Juan Arcos <\/strong><\/p>\n\n\n\n<p>Xalapa, Ver.- Familiares de personas que resultaron con lesiones graves en el accidente por el autob\u00fas que se qued\u00f3 sin frenos sobre el bulevar Xalapa-Banderilla, iniciaron una campa\u00f1a en redes sociales para solicitar el apoyo de la poblaci\u00f3n y solventar los gastos m\u00e9dicos.<\/p>\n\n\n\n<p>El se\u00f1or Maximino Leal L\u00f3pez record\u00f3 que la ma\u00f1ana del martes 21 de septiembre su hija, su yerno y su nieta de apenas un mes de nacida viajaban en un taxi blanco con verde y proced\u00edan del municipio de Juchique de Ferrer.\u00a0<\/p>\n\n\n\n<p>Sin embargo, a la altura de la colonia 21 de Marzo, fueron impactados por el cami\u00f3n de pasajeros, de una l\u00ednea tur\u00edstica que se qued\u00f3 sin frenos, y ahora est\u00e1n hospitalizados en el Centro de Alta Especialidad (CAE) \u201cDoctor Rafael Lucio\u201d.<\/p>\n\n\n\n<p>El se\u00f1or indic\u00f3 que su hija tiene fractura de cadera, brazo y afectaci\u00f3n de pulm\u00f3n; su yerno fractura de costillas y brazo; mientras que la beb\u00e9 result\u00f3 con hematoma cerebral.<\/p>\n\n\n\n<p>La familia es de escasos recursos y no puede cubrir los gastos de hospitalizaci\u00f3n, cirug\u00edas y medicamentos que requieren de manera urgente.<\/p>\n\n\n\n<p>En primera instancia se solicit\u00f3 apoyo para la b\u00fasqueda de donadores de sangre, situaci\u00f3n que se logr\u00f3 en el transcurso del d\u00eda del accidente.<\/p>\n\n\n\n<p>Sin embargo, en este momento se requiere apoyo de la ciudadan\u00eda y de las instancias del Sector Salud para cubrir los gastos m\u00e9dicos de las tres personas.<\/p>\n\n\n\n<p>El se\u00f1or Maximino solicita donaciones econ\u00f3micas a su cuenta de Banco Azteca:\u00a0<br>20100142598312, con Clabe interbancaria: 127878001425983120.<\/p>\n\n\n\n<p>Los interesados en apoyar a su familia tambi\u00e9n pueden comunicarse a su n\u00famero celular 2791107540.<\/p>\n","protected":false},"excerpt":{"rendered":"<p>Juan Arcos Xalapa, Ver.- Familiares de personas que resultaron con lesiones graves en el accidente por el autob\u00fas que se qued\u00f3 sin frenos sobre el bulevar Xalapa-Banderilla, iniciaron una campa\u00f1a en redes sociales para solicitar el apoyo de la poblaci\u00f3n y solventar los gastos m\u00e9dicos. El se\u00f1or Maximino Leal L\u00f3pez record\u00f3 que la ma\u00f1ana del [&hellip;]<\/p>\n","protected":false},"author":1,"featured_media":18634,"comment_status":"open","ping_status":"open","sticky":false,"template":"","format":"standard","meta":{"_jetpack_memberships_contains_paid_content":false,"footnotes":""},"categories":[8],"tags":[],"class_list":["post-18633","post","type-post","status-publish","format-standard","has-post-thumbnail","hentry","category-region"],"jetpack_featured_media_url":"https:\/\/encuentroinformativo.com.mx\/wp-content\/uploads\/2021\/09\/DC9B3620-A9B0-41D0-81C0-90F0AF01175F.jpeg","jetpack_sharing_enabled":true,"jetpack_likes_enabled":true,"amp_enabled":true,"_links":{"self":[{"href":"https:\/\/encuentroinformativo.com.mx\/index.php?rest_route=\/wp\/v2\/posts\/18633","targetHints":{"allow":["GET"]}}],"collection":[{"href":"https:\/\/encuentroinformativo.com.mx\/index.php?rest_route=\/wp\/v2\/posts"}],"about":[{"href":"https:\/\/encuentroinformativo.com.mx\/index.php?rest_route=\/wp\/v2\/types\/post"}],"author":[{"embeddable":true,"href":"https:\/\/encuentroinformativo.com.mx\/index.php?rest_route=\/wp\/v2\/users\/1"}],"replies":[{"embeddable":true,"href":"https:\/\/encuentroinformativo.com.mx\/index.php?rest_route=%2Fwp%2Fv2%2Fcomments&post=18633"}],"version-history":[{"count":1,"href":"https:\/\/encuentroinformativo.com.mx\/index.php?rest_route=\/wp\/v2\/posts\/18633\/revisions"}],"predecessor-version":[{"id":18635,"href":"https:\/\/encuentroinformativo.com.mx\/index.php?rest_route=\/wp\/v2\/posts\/18633\/revisions\/18635"}],"wp:featuredmedia":[{"embeddable":true,"href":"https:\/\/encuentroinformativo.com.mx\/index.php?rest_route=\/wp\/v2\/media\/18634"}],"wp:attachment":[{"href":"https:\/\/encuentroinformativo.com.mx\/index.php?rest_route=%2Fwp%2Fv2%2Fmedia&parent=18633"}],"wp:term":[{"taxonomy":"category","embeddable":true,"href":"https:\/\/encuentroinformativo.com.mx\/index.php?rest_route=%2Fwp%2Fv2%2Fcategories&post=18633"},{"taxonomy":"post_tag","embeddable":true,"href":"https:\/\/encuentroinformativo.com.mx\/index.php?rest_route=%2Fwp%2Fv2%2Ftags&post=18633"}],"curies":[{"name":"wp","href":"https:\/\/api.w.org\/{rel}","templated":true}]}}