{"id":18636,"date":"2021-09-22T11:59:45","date_gmt":"2021-09-22T16:59:45","guid":{"rendered":"https:\/\/encuentroinformativo.com.mx\/?p=18636"},"modified":"2021-09-22T11:59:49","modified_gmt":"2021-09-22T16:59:49","slug":"fiscalias-deben-informar-sobre-investigaciones-sobre-los-yunes-amlo","status":"publish","type":"post","link":"https:\/\/encuentroinformativo.com.mx\/?p=18636","title":{"rendered":"Fiscal\u00edas deben informar sobre investigaciones sobre los Yunes: AMLO"},"content":{"rendered":"\n<p><strong>Dar\u00edo Pale <\/strong><\/p>\n\n\n\n<p>Xalapa, Ver.- La Fiscal\u00eda General de la Rep\u00fablica (FGR), y la Fiscal\u00eda General del Estado (FGE), deben de informar si es que existen denuncias en contra de Miguel \u00c1ngel Yunes y de ser as\u00ed, c\u00f3mo van las investigaciones correspondientes y en contra tambi\u00e9n de sus hijos Fernando y Miguel \u00c1ngel Yunes M\u00e1rquez por diversos delitos.<\/p>\n\n\n\n<p>En su tradicional conferencia ma\u00f1anera, el presidente de M\u00e9xico Andr\u00e9s Manuel L\u00f3pez Obrador fue cuestionado respecto de las denuncias que existen en contra del alcalde Fernando Yunes por presuntamente coaccionar a los trabajadores del Ayuntamiento en el pasado proceso electoral.<\/p>\n\n\n\n<p>Tambi\u00e9n de la denuncia en contra de su hermano Miguel \u00c1ngel por presuntamente falsificar datos para obtener el registro a la candidatura a la alcald\u00eda a pesar de no haber nacido ni vivido en el Puerto.<\/p>\n\n\n\n<p>Adem\u00e1s, por las denuncias en contra del exgobernador Miguel \u00c1ngel Yunes, cuando fue director general del ISSSTE y por las observaciones que llevo a cabo el \u00d3rgano de Fiscalizaci\u00f3n Superior.<\/p>\n\n\n\n<p>En ese sentido, el Ejecutivo dijo que si es posible, si as\u00ed lo determinan, porque son aut\u00f3nomos, que den a conocer si existen las denuncias, las investigaciones y por qu\u00e9 no se les ha dado curso.<\/p>\n\n\n\n<p>\u201cQue informen, eso es lo que podemos hacer&#8230; s\u00ed, tengo informaci\u00f3n (de las denuncias), pero no puedo yo meterme, por lo mismo, no me corresponde. La Fiscal\u00eda es independiente, es aut\u00f3noma&#8221;, resalt\u00f3.<\/p>\n\n\n\n<p>L\u00f3pez Obrador determin\u00f3 que a quien corresponde actuar es al fiscal general Alejandro Gertz Manero \u00a0si es que hay pruebas, si hay elementos, porque no se pueden fabricar delitos, aunque sean adversarios pol\u00edticos.<\/p>\n\n\n\n<p>Ah\u00ed, refiri\u00f3 las m\u00e1ximas que sigue su partido, el Morena, de no mentir, no robar ni traicionar, porque adem\u00e1s, sostuvo que no se puede gobernar sin autoridad moral, con un doble discurso, mintiendo.<\/p>\n\n\n\n<p>&#8220;Y esa es la caracter\u00edstica dominante en el comportamiento de los conservadores, son muy hip\u00f3critas, tienen una doble moral, un doble discurso, esa es su doctrina, la hipocres\u00eda, por eso no les va bien&#8221;, finaliz\u00f3.<\/p>\n","protected":false},"excerpt":{"rendered":"<p>Dar\u00edo Pale Xalapa, Ver.- La Fiscal\u00eda General de la Rep\u00fablica (FGR), y la Fiscal\u00eda General del Estado (FGE), deben de informar si es que existen denuncias en contra de Miguel \u00c1ngel Yunes y de ser as\u00ed, c\u00f3mo van las investigaciones correspondientes y en contra tambi\u00e9n de sus hijos Fernando y Miguel \u00c1ngel Yunes M\u00e1rquez por [&hellip;]<\/p>\n","protected":false},"author":1,"featured_media":16274,"comment_status":"open","ping_status":"open","sticky":false,"template":"","format":"standard","meta":{"_jetpack_memberships_contains_paid_content":false,"footnotes":""},"categories":[12],"tags":[],"class_list":["post-18636","post","type-post","status-publish","format-standard","has-post-thumbnail","hentry","category-nacional"],"jetpack_featured_media_url":"https:\/\/encuentroinformativo.com.mx\/wp-content\/uploads\/2021\/07\/0AE349A6-A1FB-41BF-A736-B77F820BF4B4.jpeg","jetpack_sharing_enabled":true,"jetpack_likes_enabled":true,"amp_enabled":true,"_links":{"self":[{"href":"https:\/\/encuentroinformativo.com.mx\/index.php?rest_route=\/wp\/v2\/posts\/18636","targetHints":{"allow":["GET"]}}],"collection":[{"href":"https:\/\/encuentroinformativo.com.mx\/index.php?rest_route=\/wp\/v2\/posts"}],"about":[{"href":"https:\/\/encuentroinformativo.com.mx\/index.php?rest_route=\/wp\/v2\/types\/post"}],"author":[{"embeddable":true,"href":"https:\/\/encuentroinformativo.com.mx\/index.php?rest_route=\/wp\/v2\/users\/1"}],"replies":[{"embeddable":true,"href":"https:\/\/encuentroinformativo.com.mx\/index.php?rest_route=%2Fwp%2Fv2%2Fcomments&post=18636"}],"version-history":[{"count":1,"href":"https:\/\/encuentroinformativo.com.mx\/index.php?rest_route=\/wp\/v2\/posts\/18636\/revisions"}],"predecessor-version":[{"id":18637,"href":"https:\/\/encuentroinformativo.com.mx\/index.php?rest_route=\/wp\/v2\/posts\/18636\/revisions\/18637"}],"wp:featuredmedia":[{"embeddable":true,"href":"https:\/\/encuentroinformativo.com.mx\/index.php?rest_route=\/wp\/v2\/media\/16274"}],"wp:attachment":[{"href":"https:\/\/encuentroinformativo.com.mx\/index.php?rest_route=%2Fwp%2Fv2%2Fmedia&parent=18636"}],"wp:term":[{"taxonomy":"category","embeddable":true,"href":"https:\/\/encuentroinformativo.com.mx\/index.php?rest_route=%2Fwp%2Fv2%2Fcategories&post=18636"},{"taxonomy":"post_tag","embeddable":true,"href":"https:\/\/encuentroinformativo.com.mx\/index.php?rest_route=%2Fwp%2Fv2%2Ftags&post=18636"}],"curies":[{"name":"wp","href":"https:\/\/api.w.org\/{rel}","templated":true}]}}