{"id":18650,"date":"2021-09-22T13:45:32","date_gmt":"2021-09-22T18:45:32","guid":{"rendered":"https:\/\/encuentroinformativo.com.mx\/?p=18650"},"modified":"2021-09-22T13:45:36","modified_gmt":"2021-09-22T18:45:36","slug":"sev-culpa-a-ayuntamiento-porteno-por-robo-en-escuelas","status":"publish","type":"post","link":"https:\/\/encuentroinformativo.com.mx\/?p=18650","title":{"rendered":"SEV culpa a Ayuntamiento porte\u00f1o por robo en escuelas"},"content":{"rendered":"\n<p><strong>Dar\u00edo Pale<\/strong> <\/p>\n\n\n\n<p>Xalapa, Ver.- El titular de la Secretar\u00eda de Educaci\u00f3n de Veracruz (SEV), Zenyazen Escobar P\u00e9rez \u00a0reproch\u00f3 a Fernando Yunes falta de coordinaci\u00f3n para evitar robos en escuelas del puerto de Veracruz.<\/p>\n\n\n\n<p>Entrevistado posterior a la conmemoraci\u00f3n del 41 aniversario del Telebachillerato de Veracruz (TEBAEV), reproch\u00f3 que las autoridades municipales del Ayuntamiento de Veracruz encabezado por Fernando Yunes M\u00e1rquez reclamen por el aumento de robos en escuelas de dicho municipio, pero no asistan a las reuniones con las autoridades de seguridad para evitarlos.<\/p>\n\n\n\n<p>&#8220;En el Puerto no fue por da\u00f1os, fue saqueo. Muchas de las escuelas que asaltaron y que no asaltaron una vez, cinco o siete veces&#8230; hacemos tambi\u00e9n un llamado al Ayuntamiento de Veracruz para que se coordinen las tareas y los trabajos que hemos estado teniendo a trav\u00e9s de la Polic\u00eda Naval, de la Guardia Nacional para poner \u00e9nfasis&#8221;, acus\u00f3.<\/p>\n\n\n\n<p>Este mi\u00e9rcoles, dijo que si bien, la Secretar\u00eda de Seguridad P\u00fablica aumenta los rondines en las zonas donde se reportan los robos a planteles, debe haber una responsabilidad por parte del Ayuntamiento al menos acudiendo a las reuniones para definir las estrategias.<\/p>\n\n\n\n<p>&#8220;En este caso, en el puerto de Veracruz y que asistan a estas reuniones, que est\u00e9n al pendiente y que trabajemos y colaboremos de la mano&#8221;, se\u00f1al\u00f3.<\/p>\n\n\n\n<p>Zenyazen Escobar tambi\u00e9n reproch\u00f3 que los panistas no hayan &#8220;metido mano&#8221; a los planteles.<\/p>\n\n\n\n<p>&#8220;Hay un video en el cual salen se\u00f1alando la situaci\u00f3n de las escuelas en el puerto de Veracruz, pero no es justificaci\u00f3n, saben que le hemos estado metiendo a obra, pero eso no se ha hecho en tres a\u00f1os&#8221;, acus\u00f3.<\/p>\n\n\n\n<p>Finalmente dio a conocer que, &#8220;si tienen las de 100 a\u00f1os las escuelas y que han tenido ellos el poder, diferentes partidos y no le han metido mano&#8230; nosotros hemos hecho bastantes obras, transformaciones de escuelas en el propio puerto de Veracruz&#8221;.<\/p>\n","protected":false},"excerpt":{"rendered":"<p>Dar\u00edo Pale Xalapa, Ver.- El titular de la Secretar\u00eda de Educaci\u00f3n de Veracruz (SEV), Zenyazen Escobar P\u00e9rez \u00a0reproch\u00f3 a Fernando Yunes falta de coordinaci\u00f3n para evitar robos en escuelas del puerto de Veracruz. Entrevistado posterior a la conmemoraci\u00f3n del 41 aniversario del Telebachillerato de Veracruz (TEBAEV), reproch\u00f3 que las autoridades municipales del Ayuntamiento de Veracruz [&hellip;]<\/p>\n","protected":false},"author":1,"featured_media":18651,"comment_status":"open","ping_status":"open","sticky":false,"template":"","format":"standard","meta":{"_jetpack_memberships_contains_paid_content":false,"footnotes":""},"categories":[2],"tags":[],"class_list":["post-18650","post","type-post","status-publish","format-standard","has-post-thumbnail","hentry","category-estado"],"jetpack_featured_media_url":"https:\/\/encuentroinformativo.com.mx\/wp-content\/uploads\/2021\/09\/B827B898-ABF7-4CF5-8984-96721B13FEBB.jpeg","jetpack_sharing_enabled":true,"jetpack_likes_enabled":true,"amp_enabled":true,"_links":{"self":[{"href":"https:\/\/encuentroinformativo.com.mx\/index.php?rest_route=\/wp\/v2\/posts\/18650","targetHints":{"allow":["GET"]}}],"collection":[{"href":"https:\/\/encuentroinformativo.com.mx\/index.php?rest_route=\/wp\/v2\/posts"}],"about":[{"href":"https:\/\/encuentroinformativo.com.mx\/index.php?rest_route=\/wp\/v2\/types\/post"}],"author":[{"embeddable":true,"href":"https:\/\/encuentroinformativo.com.mx\/index.php?rest_route=\/wp\/v2\/users\/1"}],"replies":[{"embeddable":true,"href":"https:\/\/encuentroinformativo.com.mx\/index.php?rest_route=%2Fwp%2Fv2%2Fcomments&post=18650"}],"version-history":[{"count":1,"href":"https:\/\/encuentroinformativo.com.mx\/index.php?rest_route=\/wp\/v2\/posts\/18650\/revisions"}],"predecessor-version":[{"id":18652,"href":"https:\/\/encuentroinformativo.com.mx\/index.php?rest_route=\/wp\/v2\/posts\/18650\/revisions\/18652"}],"wp:featuredmedia":[{"embeddable":true,"href":"https:\/\/encuentroinformativo.com.mx\/index.php?rest_route=\/wp\/v2\/media\/18651"}],"wp:attachment":[{"href":"https:\/\/encuentroinformativo.com.mx\/index.php?rest_route=%2Fwp%2Fv2%2Fmedia&parent=18650"}],"wp:term":[{"taxonomy":"category","embeddable":true,"href":"https:\/\/encuentroinformativo.com.mx\/index.php?rest_route=%2Fwp%2Fv2%2Fcategories&post=18650"},{"taxonomy":"post_tag","embeddable":true,"href":"https:\/\/encuentroinformativo.com.mx\/index.php?rest_route=%2Fwp%2Fv2%2Ftags&post=18650"}],"curies":[{"name":"wp","href":"https:\/\/api.w.org\/{rel}","templated":true}]}}