{"id":18655,"date":"2021-09-22T14:59:21","date_gmt":"2021-09-22T19:59:21","guid":{"rendered":"https:\/\/encuentroinformativo.com.mx\/?p=18655"},"modified":"2021-09-22T14:59:23","modified_gmt":"2021-09-22T19:59:23","slug":"saquean-centro-de-autismo-en-veracruz-puerto","status":"publish","type":"post","link":"https:\/\/encuentroinformativo.com.mx\/?p=18655","title":{"rendered":"Saquean centro de autismo en Veracruz puerto"},"content":{"rendered":"\n<p><strong>Alejandro \u00c1vila<\/strong><\/p>\n\n\n\n<p>Veracruz, Ver. \u2013 El pasado fin de semana, la Asociaci\u00f3n Civil \u201cAutismo Veracruz\u201d, ubicada en la calle Papantla casi esquina avenida Miguel Alem\u00e1n, fue v\u00edctima de robo y da\u00f1o en las instalaciones, dio a conocer la psic\u00f3loga Leri, directora y fundadora del centro que da atenci\u00f3n a 70 ni\u00f1os.<\/p>\n\n\n\n<p>Los ladrones no solo robaron computadoras, celulares, televisores y material did\u00e1ctico; sino que violentaron las instalaciones haciendo sus necesidades fisiol\u00f3gicas en el lugar.<\/p>\n\n\n\n<p>\u201cLamentablemente el material did\u00e1ctico es una de las herramientas, las cuales los ni\u00f1os ocupan para su terapia y para la calidad. Nosotros intentamos darles calidad terap\u00e9utica a los ni\u00f1os, debido a que la terapia es una de las investigaciones para los avances de los ni\u00f1os, para que tengan una calidad de vida, lo que buscamos nosotros como Asociaci\u00f3n y los padres, es que los ni\u00f1os tengan una calidad de vida\u201d, apunt\u00f3.<\/p>\n\n\n\n<p>La directora mencion\u00f3 que la Asociaci\u00f3n Civil se mantiene del apoyo de los padres de familia, quienes hacen una cooperaci\u00f3n mensual para comprar equipo o pagar algo del sueldo de los terapeutas.<\/p>\n\n\n\n<p>\u201cCreo que es muy importante estar en un lugar donde te sientas c\u00f3modo, y lamentablemente parte de lo sucedido, lastimaron varias cosas de las instalaciones, incluso rompieron un vestibular, que los vestibulares son caros, donde los ni\u00f1os trabajan su terapia vestibular, rompieron una pared, entonces justamente lo que les estamos pidiendo a la comunidad hoy, es su apoyo. Me han preguntado de que manera nos pueden apoyar, nos pueden apoyar donando alg\u00fan material did\u00e1ctico como rompecabezas, incluso temas sensoriales como arena, arroz, frijol, todo esto que los ni\u00f1os s\u00ed ocupan para lo que es la integraci\u00f3n sensorial\u201d, subray\u00f3.<\/p>\n\n\n\n<p>De la misma manera, buscan donaciones de computadoras, celulares y televisores; y m\u00e1s adelante, buscar\u00e1n colocar c\u00e1maras de seguridad y alarmas para brindar mejor seguridad a las instalaciones.<\/p>\n\n\n\n<figure class=\"wp-block-image size-large\"><img loading=\"lazy\" decoding=\"async\" width=\"1024\" height=\"683\" src=\"https:\/\/encuentroinformativo.com.mx\/wp-content\/uploads\/2021\/09\/4ED1F24A-7F67-41AC-A6F9-A35090AE656A-1024x683.jpeg\" alt=\"\" class=\"wp-image-18656\" srcset=\"https:\/\/encuentroinformativo.com.mx\/wp-content\/uploads\/2021\/09\/4ED1F24A-7F67-41AC-A6F9-A35090AE656A-1024x683.jpeg 1024w, https:\/\/encuentroinformativo.com.mx\/wp-content\/uploads\/2021\/09\/4ED1F24A-7F67-41AC-A6F9-A35090AE656A-300x200.jpeg 300w, https:\/\/encuentroinformativo.com.mx\/wp-content\/uploads\/2021\/09\/4ED1F24A-7F67-41AC-A6F9-A35090AE656A-768x513.jpeg 768w, https:\/\/encuentroinformativo.com.mx\/wp-content\/uploads\/2021\/09\/4ED1F24A-7F67-41AC-A6F9-A35090AE656A.jpeg 1419w\" sizes=\"auto, (max-width: 1024px) 100vw, 1024px\" \/><\/figure>\n","protected":false},"excerpt":{"rendered":"<p>Alejandro \u00c1vila Veracruz, Ver. \u2013 El pasado fin de semana, la Asociaci\u00f3n Civil \u201cAutismo Veracruz\u201d, ubicada en la calle Papantla casi esquina avenida Miguel Alem\u00e1n, fue v\u00edctima de robo y da\u00f1o en las instalaciones, dio a conocer la psic\u00f3loga Leri, directora y fundadora del centro que da atenci\u00f3n a 70 ni\u00f1os. Los ladrones no solo [&hellip;]<\/p>\n","protected":false},"author":1,"featured_media":18654,"comment_status":"open","ping_status":"open","sticky":false,"template":"","format":"standard","meta":{"_jetpack_memberships_contains_paid_content":false,"footnotes":""},"categories":[2],"tags":[],"class_list":["post-18655","post","type-post","status-publish","format-standard","has-post-thumbnail","hentry","category-estado"],"jetpack_featured_media_url":"https:\/\/encuentroinformativo.com.mx\/wp-content\/uploads\/2021\/09\/92D26A2D-D50C-43F0-BD25-08AD229A1F13.jpeg","jetpack_sharing_enabled":true,"jetpack_likes_enabled":true,"amp_enabled":true,"_links":{"self":[{"href":"https:\/\/encuentroinformativo.com.mx\/index.php?rest_route=\/wp\/v2\/posts\/18655","targetHints":{"allow":["GET"]}}],"collection":[{"href":"https:\/\/encuentroinformativo.com.mx\/index.php?rest_route=\/wp\/v2\/posts"}],"about":[{"href":"https:\/\/encuentroinformativo.com.mx\/index.php?rest_route=\/wp\/v2\/types\/post"}],"author":[{"embeddable":true,"href":"https:\/\/encuentroinformativo.com.mx\/index.php?rest_route=\/wp\/v2\/users\/1"}],"replies":[{"embeddable":true,"href":"https:\/\/encuentroinformativo.com.mx\/index.php?rest_route=%2Fwp%2Fv2%2Fcomments&post=18655"}],"version-history":[{"count":1,"href":"https:\/\/encuentroinformativo.com.mx\/index.php?rest_route=\/wp\/v2\/posts\/18655\/revisions"}],"predecessor-version":[{"id":18657,"href":"https:\/\/encuentroinformativo.com.mx\/index.php?rest_route=\/wp\/v2\/posts\/18655\/revisions\/18657"}],"wp:featuredmedia":[{"embeddable":true,"href":"https:\/\/encuentroinformativo.com.mx\/index.php?rest_route=\/wp\/v2\/media\/18654"}],"wp:attachment":[{"href":"https:\/\/encuentroinformativo.com.mx\/index.php?rest_route=%2Fwp%2Fv2%2Fmedia&parent=18655"}],"wp:term":[{"taxonomy":"category","embeddable":true,"href":"https:\/\/encuentroinformativo.com.mx\/index.php?rest_route=%2Fwp%2Fv2%2Fcategories&post=18655"},{"taxonomy":"post_tag","embeddable":true,"href":"https:\/\/encuentroinformativo.com.mx\/index.php?rest_route=%2Fwp%2Fv2%2Ftags&post=18655"}],"curies":[{"name":"wp","href":"https:\/\/api.w.org\/{rel}","templated":true}]}}