{"id":18664,"date":"2021-09-22T12:16:45","date_gmt":"2021-09-22T17:16:45","guid":{"rendered":"https:\/\/encuentroinformativo.com.mx\/?p=18664"},"modified":"2021-09-22T15:29:40","modified_gmt":"2021-09-22T20:29:40","slug":"tras-censo-perdera-veracruz-un-distrito-electoral-federal","status":"publish","type":"post","link":"https:\/\/encuentroinformativo.com.mx\/?p=18664","title":{"rendered":"Tras censo, perder\u00e1 Veracruz un distrito electoral federal"},"content":{"rendered":"\n<p><strong>Dar\u00edo Pale <\/strong><\/p>\n\n\n\n<p>Xalapa, Ver.- Sergio Vera Olvera Vocal del Registro Federal de Electores (RFE), dio a conocer que debido al censo de poblaci\u00f3n del 2020 realizado por el INEGI, el Instituto Nacional Electoral (INE) proceder\u00e1 a la distritaci\u00f3n electoral a nivel nacional, donde el estado de Veracruz perder\u00e1 uno de los distritos federales con que cuenta actualmente.<\/p>\n\n\n\n<p>Entrevistado en conocido caf\u00e9 del centro de Xalapa se\u00f1al\u00f3 que los pol\u00edgonos que se conforman a nivel nacional obedecen al n\u00famero de habitantes que tiene el territorio y la constituci\u00f3n menciona que son 300 legisladores los que acudir\u00e1n de manera uninominal por lo que se tiene que equilibrar que todos tengan una poblaci\u00f3n equivalente al n\u00famero de habitantes de cada uno de los distritos.<\/p>\n\n\n\n<p>Coment\u00f3 que el censo se realiza cada 10 a\u00f1os por lo que se da un fen\u00f3meno muy importante entre los estados receptores Y expulsores de poblaci\u00f3n ya que el crecimiento poblacional tiene un comportamiento normal no as\u00ed la movilidad social por mejores oportunidades o empleos.<\/p>\n\n\n\n<p>\u201cEsto hace que en el caso de nuestro estado nuevamente nos enfrentamos a la p\u00e9rdida de un Distrito Federal n este nuevo proceso de distritaci\u00f3n, no as\u00ed en el proceso de distritaci\u00f3n local que tambi\u00e9n estar\u00e1 haciendo el INE aqu\u00ed es diferente porque aqu\u00ed la constituci\u00f3n local marca los 30 distritos pero si va a ver una reconfiguraci\u00f3n del pol\u00edgono al interior de cada uno de los distritos&#8221;, se\u00f1al\u00f3.<\/p>\n\n\n\n<p>Recalco que este ejercicio es un proceso t\u00e9cnico no es pol\u00edtico ya que no se llegan a acuerdos con las diferentes fuerzas pol\u00edticas para ver c\u00f3mo quedan los distritos, ya que solo es ir aglutinando municipios donde se conforme los pol\u00edgonos y deben de consultar a los pueblos originarios o ind\u00edgenas para que queden conformados dentro de un mismo distrito, por lo que realizar\u00e1n foros de consulta donde haya poblaci\u00f3n ind\u00edgena para hacer este ejercicio.<\/p>\n\n\n\n<p>Finalmente se\u00f1al\u00f3 que Veracruz perder\u00eda a un diputado federal y tendr\u00e1n que re conformar las cinco circunscripciones para que los 200 plurinominales tambi\u00e9n sean electos en igualdad de circunstancias y esto debe de quedar antes del 2023 ya que en el 2024 hay un proceso electoral y se debe de aplicar la nueva distritaci\u00f3n.<\/p>\n","protected":false},"excerpt":{"rendered":"<p>Dar\u00edo Pale Xalapa, Ver.- Sergio Vera Olvera Vocal del Registro Federal de Electores (RFE), dio a conocer que debido al censo de poblaci\u00f3n del 2020 realizado por el INEGI, el Instituto Nacional Electoral (INE) proceder\u00e1 a la distritaci\u00f3n electoral a nivel nacional, donde el estado de Veracruz perder\u00e1 uno de los distritos federales con que [&hellip;]<\/p>\n","protected":false},"author":1,"featured_media":18665,"comment_status":"open","ping_status":"open","sticky":false,"template":"","format":"standard","meta":{"_jetpack_memberships_contains_paid_content":false,"footnotes":""},"categories":[2],"tags":[],"class_list":["post-18664","post","type-post","status-publish","format-standard","has-post-thumbnail","hentry","category-estado"],"jetpack_featured_media_url":"https:\/\/encuentroinformativo.com.mx\/wp-content\/uploads\/2021\/09\/6D69B34E-36F7-45EA-BA98-94445B02AC81.jpeg","jetpack_sharing_enabled":true,"jetpack_likes_enabled":true,"amp_enabled":true,"_links":{"self":[{"href":"https:\/\/encuentroinformativo.com.mx\/index.php?rest_route=\/wp\/v2\/posts\/18664","targetHints":{"allow":["GET"]}}],"collection":[{"href":"https:\/\/encuentroinformativo.com.mx\/index.php?rest_route=\/wp\/v2\/posts"}],"about":[{"href":"https:\/\/encuentroinformativo.com.mx\/index.php?rest_route=\/wp\/v2\/types\/post"}],"author":[{"embeddable":true,"href":"https:\/\/encuentroinformativo.com.mx\/index.php?rest_route=\/wp\/v2\/users\/1"}],"replies":[{"embeddable":true,"href":"https:\/\/encuentroinformativo.com.mx\/index.php?rest_route=%2Fwp%2Fv2%2Fcomments&post=18664"}],"version-history":[{"count":1,"href":"https:\/\/encuentroinformativo.com.mx\/index.php?rest_route=\/wp\/v2\/posts\/18664\/revisions"}],"predecessor-version":[{"id":18666,"href":"https:\/\/encuentroinformativo.com.mx\/index.php?rest_route=\/wp\/v2\/posts\/18664\/revisions\/18666"}],"wp:featuredmedia":[{"embeddable":true,"href":"https:\/\/encuentroinformativo.com.mx\/index.php?rest_route=\/wp\/v2\/media\/18665"}],"wp:attachment":[{"href":"https:\/\/encuentroinformativo.com.mx\/index.php?rest_route=%2Fwp%2Fv2%2Fmedia&parent=18664"}],"wp:term":[{"taxonomy":"category","embeddable":true,"href":"https:\/\/encuentroinformativo.com.mx\/index.php?rest_route=%2Fwp%2Fv2%2Fcategories&post=18664"},{"taxonomy":"post_tag","embeddable":true,"href":"https:\/\/encuentroinformativo.com.mx\/index.php?rest_route=%2Fwp%2Fv2%2Ftags&post=18664"}],"curies":[{"name":"wp","href":"https:\/\/api.w.org\/{rel}","templated":true}]}}