{"id":18670,"date":"2021-09-22T17:28:11","date_gmt":"2021-09-22T22:28:11","guid":{"rendered":"https:\/\/encuentroinformativo.com.mx\/?p=18670"},"modified":"2021-09-22T17:28:15","modified_gmt":"2021-09-22T22:28:15","slug":"registra-retraso-proceso-de-entrega-recepcion-en-boca-del-rio","status":"publish","type":"post","link":"https:\/\/encuentroinformativo.com.mx\/?p=18670","title":{"rendered":"Registra retraso proceso de entrega &#8211; recepci\u00f3n en Boca del R\u00edo"},"content":{"rendered":"\n<p><strong>Alejandro \u00c1vila<\/strong><\/p>\n\n\n\n<p>Veracruz, Ver.- La entrega &#8211; recepci\u00f3n en el municipio de Boca del R\u00edo a\u00fan no inicia y lleva un ligero retraso, confirm\u00f3 el alcalde electo, Juan Manuel de Unanue Abascal, aunque destac\u00f3 hay platicas constantes para darle celeridad al tema.<\/p>\n\n\n\n<p>El panista mencion\u00f3 que su equipo de trabajo ha sostenido dialogos constantes con el del actual alcalde, Humberto Alonso Morelli, por lo que no descarta que en octubre se inicie el proceso de manera formal.<\/p>\n\n\n\n<p>A pesar de ello, Unanue Abascal, asegur\u00f3 que se mantendr\u00e1 firme en su compromiso de campa\u00f1a, sobre las obras a realizar en los primeroa cien d\u00edas de labor.<\/p>\n\n\n\n<p>Sobre la seguridad en Boca del R\u00edo, dijo que se mantiene en estandares bajos en delincuencia, pero se trabajar\u00e1 en conjunto con Polic\u00eda Naval y Estatal a fin de disminuir m\u00e1s los pocos incidentes que en la ciudad se han presentado.<\/p>\n\n\n\n<p>Es por ello que ya se ha reunido con las autoridades competentes en esa materia, para que exista un reforzamiento de la vigilancia en algunas zonas denominadas &#8220;focos rojos&#8221;.<\/p>\n","protected":false},"excerpt":{"rendered":"<p>Alejandro \u00c1vila Veracruz, Ver.- La entrega &#8211; recepci\u00f3n en el municipio de Boca del R\u00edo a\u00fan no inicia y lleva un ligero retraso, confirm\u00f3 el alcalde electo, Juan Manuel de Unanue Abascal, aunque destac\u00f3 hay platicas constantes para darle celeridad al tema. El panista mencion\u00f3 que su equipo de trabajo ha sostenido dialogos constantes con [&hellip;]<\/p>\n","protected":false},"author":1,"featured_media":18671,"comment_status":"open","ping_status":"open","sticky":false,"template":"","format":"standard","meta":{"_jetpack_memberships_contains_paid_content":false,"footnotes":""},"categories":[2],"tags":[],"class_list":["post-18670","post","type-post","status-publish","format-standard","has-post-thumbnail","hentry","category-estado"],"jetpack_featured_media_url":"https:\/\/encuentroinformativo.com.mx\/wp-content\/uploads\/2021\/09\/68225AF4-675B-4AE0-A66E-7669628F6FCA.jpeg","jetpack_sharing_enabled":true,"jetpack_likes_enabled":true,"amp_enabled":true,"_links":{"self":[{"href":"https:\/\/encuentroinformativo.com.mx\/index.php?rest_route=\/wp\/v2\/posts\/18670","targetHints":{"allow":["GET"]}}],"collection":[{"href":"https:\/\/encuentroinformativo.com.mx\/index.php?rest_route=\/wp\/v2\/posts"}],"about":[{"href":"https:\/\/encuentroinformativo.com.mx\/index.php?rest_route=\/wp\/v2\/types\/post"}],"author":[{"embeddable":true,"href":"https:\/\/encuentroinformativo.com.mx\/index.php?rest_route=\/wp\/v2\/users\/1"}],"replies":[{"embeddable":true,"href":"https:\/\/encuentroinformativo.com.mx\/index.php?rest_route=%2Fwp%2Fv2%2Fcomments&post=18670"}],"version-history":[{"count":1,"href":"https:\/\/encuentroinformativo.com.mx\/index.php?rest_route=\/wp\/v2\/posts\/18670\/revisions"}],"predecessor-version":[{"id":18672,"href":"https:\/\/encuentroinformativo.com.mx\/index.php?rest_route=\/wp\/v2\/posts\/18670\/revisions\/18672"}],"wp:featuredmedia":[{"embeddable":true,"href":"https:\/\/encuentroinformativo.com.mx\/index.php?rest_route=\/wp\/v2\/media\/18671"}],"wp:attachment":[{"href":"https:\/\/encuentroinformativo.com.mx\/index.php?rest_route=%2Fwp%2Fv2%2Fmedia&parent=18670"}],"wp:term":[{"taxonomy":"category","embeddable":true,"href":"https:\/\/encuentroinformativo.com.mx\/index.php?rest_route=%2Fwp%2Fv2%2Fcategories&post=18670"},{"taxonomy":"post_tag","embeddable":true,"href":"https:\/\/encuentroinformativo.com.mx\/index.php?rest_route=%2Fwp%2Fv2%2Ftags&post=18670"}],"curies":[{"name":"wp","href":"https:\/\/api.w.org\/{rel}","templated":true}]}}