{"id":18675,"date":"2021-09-23T09:51:33","date_gmt":"2021-09-23T14:51:33","guid":{"rendered":"https:\/\/encuentroinformativo.com.mx\/?p=18675"},"modified":"2021-09-23T09:51:37","modified_gmt":"2021-09-23T14:51:37","slug":"confirman-caso-covid-en-la-secundaria-general-5","status":"publish","type":"post","link":"https:\/\/encuentroinformativo.com.mx\/?p=18675","title":{"rendered":"Confirman caso Covid en la Secundaria General 5"},"content":{"rendered":"\n<p><strong>Juan Arcos<\/strong><\/p>\n\n\n\n<p>Xalapa, Ver.- Un alumno del turno matutino de la escuela secundaria general n\u00famero 5 Manuel R. Guti\u00e9rrez dio positivo al SARS-COV-2 (COVID-19), situaci\u00f3n que ha alarmado a la comunidad acad\u00e9mica.<\/p>\n\n\n\n<p>Comit\u00e9 de Salud Escolar y el Comit\u00e9 Escolar de Participaci\u00f3n Social emitieron una circular para informar a los padres de familia que se ha recibido la notificaci\u00f3n con evidencia documental del caso mencionado.<\/p>\n\n\n\n<p>Por ese motivo, han sido atendidos los manuales establecidos por la Secretar\u00eda de Educaci\u00f3n P\u00fablica (SEP) y la Secretar\u00eda de Educaci\u00f3n de Veracruz (SEV) en esta tipo de circunstancias.<\/p>\n\n\n\n<p>En ese sentido, se ha solicitado al director del plantel, Jos\u00e9 Luis Barrientos, la suspensi\u00f3n de las actividades presenciales para evitar el riesgo de un mayor n\u00famero de contagios.<br>Sobre este caso ha sido notificada tambi\u00e9n la Jurisdicci\u00f3n Sanitaria n\u00famero 5 para que se lleven a cabo las acciones pertinentes.<\/p>\n\n\n\n<p>Los padres de familia comentaron que fueron informados la noche del mi\u00e9rcoles 22 de septiembre sobre el caso positivo de COVID-19.<\/p>\n\n\n\n<p>\u201cNosotros los pap\u00e1s estamos preocupados por esa situaci\u00f3n porque hay ni\u00f1os que ya van a clases y las clases virtuales no se dan, ya estamos a 23 de septiembre y hasta el d\u00eda de hoy no hay clases virtuales en la general 5, seg\u00fan van a comprar c\u00e1maras pero hasta ahora nada, no s\u00e9 qu\u00e9 pasa con el director que no hay clases virtuales\u201d, expresaron.<\/p>\n\n\n\n<p>Por tal motivo, madres y padres de familia pidieron la intervenci\u00f3n de las autoridades educativas y sanitarias para que sea atendido el problema en esta escuela, ubicada sobre la calle Maestros Veracruzanos, en la colonia 2 de Abril.<\/p>\n","protected":false},"excerpt":{"rendered":"<p>Juan Arcos Xalapa, Ver.- Un alumno del turno matutino de la escuela secundaria general n\u00famero 5 Manuel R. Guti\u00e9rrez dio positivo al SARS-COV-2 (COVID-19), situaci\u00f3n que ha alarmado a la comunidad acad\u00e9mica. Comit\u00e9 de Salud Escolar y el Comit\u00e9 Escolar de Participaci\u00f3n Social emitieron una circular para informar a los padres de familia que se [&hellip;]<\/p>\n","protected":false},"author":1,"featured_media":18676,"comment_status":"open","ping_status":"open","sticky":false,"template":"","format":"standard","meta":{"_jetpack_memberships_contains_paid_content":false,"footnotes":""},"categories":[9],"tags":[],"class_list":["post-18675","post","type-post","status-publish","format-standard","has-post-thumbnail","hentry","category-salud"],"jetpack_featured_media_url":"https:\/\/encuentroinformativo.com.mx\/wp-content\/uploads\/2021\/09\/4149FF74-3E8A-4154-A4DF-7E43BCF8DDED.jpeg","jetpack_sharing_enabled":true,"jetpack_likes_enabled":true,"amp_enabled":true,"_links":{"self":[{"href":"https:\/\/encuentroinformativo.com.mx\/index.php?rest_route=\/wp\/v2\/posts\/18675","targetHints":{"allow":["GET"]}}],"collection":[{"href":"https:\/\/encuentroinformativo.com.mx\/index.php?rest_route=\/wp\/v2\/posts"}],"about":[{"href":"https:\/\/encuentroinformativo.com.mx\/index.php?rest_route=\/wp\/v2\/types\/post"}],"author":[{"embeddable":true,"href":"https:\/\/encuentroinformativo.com.mx\/index.php?rest_route=\/wp\/v2\/users\/1"}],"replies":[{"embeddable":true,"href":"https:\/\/encuentroinformativo.com.mx\/index.php?rest_route=%2Fwp%2Fv2%2Fcomments&post=18675"}],"version-history":[{"count":1,"href":"https:\/\/encuentroinformativo.com.mx\/index.php?rest_route=\/wp\/v2\/posts\/18675\/revisions"}],"predecessor-version":[{"id":18677,"href":"https:\/\/encuentroinformativo.com.mx\/index.php?rest_route=\/wp\/v2\/posts\/18675\/revisions\/18677"}],"wp:featuredmedia":[{"embeddable":true,"href":"https:\/\/encuentroinformativo.com.mx\/index.php?rest_route=\/wp\/v2\/media\/18676"}],"wp:attachment":[{"href":"https:\/\/encuentroinformativo.com.mx\/index.php?rest_route=%2Fwp%2Fv2%2Fmedia&parent=18675"}],"wp:term":[{"taxonomy":"category","embeddable":true,"href":"https:\/\/encuentroinformativo.com.mx\/index.php?rest_route=%2Fwp%2Fv2%2Fcategories&post=18675"},{"taxonomy":"post_tag","embeddable":true,"href":"https:\/\/encuentroinformativo.com.mx\/index.php?rest_route=%2Fwp%2Fv2%2Ftags&post=18675"}],"curies":[{"name":"wp","href":"https:\/\/api.w.org\/{rel}","templated":true}]}}