{"id":18681,"date":"2021-09-23T11:54:27","date_gmt":"2021-09-23T16:54:27","guid":{"rendered":"https:\/\/encuentroinformativo.com.mx\/?p=18681"},"modified":"2021-09-23T11:54:30","modified_gmt":"2021-09-23T16:54:30","slug":"bloquean-carretera-xalapa-veracruz-reclaman-altas-tarifas-de-cfe","status":"publish","type":"post","link":"https:\/\/encuentroinformativo.com.mx\/?p=18681","title":{"rendered":"Bloquean carretera Xalapa &#8211; Veracruz, reclaman altas tarifas de CFE"},"content":{"rendered":"\n<p><strong>Dar\u00edo Pale <\/strong><\/p>\n\n\n\n<p>Xalapa, Ver.- Resistencia civil de &#8220;Chucho El Roto&#8221;, bloquea carreteras por tarifas injustas de CFE, ya que exigen la reclasificaci\u00f3n que se debi\u00f3 aplicar desde el 2002, as\u00ed no habr\u00eda adeudos, adem\u00e1s de que exigen di\u00e1logo con su l\u00edder Francisco Morales, alias &#8220;El Potro&#8221;, y tambi\u00e9n denuncian el mal estado de las v\u00edas de comunicaci\u00f3n y evacuaci\u00f3n del PERE.<\/p>\n\n\n\n<p>Desde aproximadamente las 10:00 horas los integrantes del Movimiento de Resistencia Civil &#8220;Chucho El Roto&#8221;, protestan con bloqueos en dos puntos de la Entidad, uno en la carretera Xalapa-Veracruz, a la altura de la entrada a la comunidad de Cerro Gordo, municipio de Emiliano Zapata y, en la carretera Xalapa-Alto Lucero, a la altura de la colonia 6 de enero, municipio de Xalapa; por las tarifas injustas del servicio de energ\u00eda el\u00e9ctrica.<\/p>\n\n\n\n<p>Entrevistado en conocido caf\u00e9 del centro de Xalapa Jorge Morales Barradas, secretario general de la asociaci\u00f3n civil, record\u00f3 que la lucha por disminuir los costos de las tarifas de energ\u00eda el\u00e9ctrica, lleva 15 a\u00f1os.<\/p>\n\n\n\n<p>Dio a conocer que a partir del 2012 la Comisi\u00f3n comenz\u00f3 a utilizar al Ej\u00e9rcito para desconectar del servicio a comunidades enteras, ahora usan a la Guardia Nacional, porque acompa\u00f1an a los trabajadores de la empresa p\u00fablica a hacer los cortes del servicio.<\/p>\n\n\n\n<p>Denunci\u00f3 que para ello usan t\u00e1cticas completamente violatorias de sus derechos humanos, incluso mostr\u00f3 fotos de lo que sucedi\u00f3 el pasado 3 de agosto, de igual forma indic\u00f3 que desde hace 15 a\u00f1os han se\u00f1alado que las rutas que comprende el Plan de de Evacuaci\u00f3n Radiol\u00f3gico Externo (PERE) -que son 60 kil\u00f3metros-; est\u00e1n totalmente deterioradas.<\/p>\n\n\n\n<p>Por ello, se\u00f1al\u00f3 que es necesaria la reparaci\u00f3n, la reconstrucci\u00f3n y mantenimiento de las mismas.<\/p>\n\n\n\n<p>Se\u00f1al\u00f3 que el pasado 11 de agosto le indicaron a la Federaci\u00f3n la importancia de mantener las rutas de evacuaci\u00f3n en buen estado para la sobrevivencia de muchas comunidades aleda\u00f1as a la Central de Laguna Verde, incluso para cuando se presenta alguna emergencia por el impacto de fen\u00f3menos meteorol\u00f3gicos como el que recientemente impact\u00f3 la zona.<\/p>\n\n\n\n<p>Asimismo, indic\u00f3 que la otra exigencia es la reclasificaci\u00f3n de las tarifas el\u00e9ctricas para el Estado, toda vez que desde el 2002 se maneja una tabla de temperaturas y tarifas, dicha tabla la maneja la Comisi\u00f3n Federal de Electricidad (CFE), pero no lo hace de manera correcta, asegur\u00f3.<\/p>\n\n\n\n<p>&#8220;Pagamos una tarifa injusta, lo que queremos es justicia para nuestros ciudadanos, para nuestras comunidades y el Estado, que se apliquen las tarifas tal y como lo marca el decreto que est\u00e1 estipulado en el Diario Oficial de la Federaci\u00f3n desde el 2002&#8221;, acus\u00f3.<\/p>\n\n\n\n<p>Resalt\u00f3 que adem\u00e1s hay un incremento de manera general por arriba de los dos grados cent\u00edgrados en la temperatura de algunos municipios, por ejemplo de m\u00e1s de 36 grados cent\u00edgrados, por lo que se deber\u00eda aplicar la tarifa 1F, es decir, la m\u00e1s ben\u00e9fica para todas las familias veracruzanas.<\/p>\n\n\n\n<p>Jorge Morales Barradas record\u00f3 que desde hace 13 a\u00f1os hay resistencia a pagar algunos recibos &#8220;injustos&#8221; porque si la tarifa se hubiera aplicado de manera correcta en su momento, los supuestos adeudos a la CFE no existieran.<\/p>\n\n\n\n<p>Por todo lo anterior es que tomaron la decisi\u00f3n de bloquear varias v\u00edas de comunicaci\u00f3n, como la carretera Xalapa-Veracruz, a la altura de la entrada a Cerro Gordo, as\u00ed como la carretera Xalapa-Alto Lucero, a la altura de la colonia 6 de enero.<br>Indic\u00f3 que ante el hartazgo de los afectados, es que hoy, a trav\u00e9s de los bloqueos en el participa Francisco Morales, alias &#8220;El Potro&#8221;, exigen di\u00e1logo con la CFE, pero que el gobierno de Veracruz sea part\u00edcipe de las mismas y se resuelva por fin est\u00e1 situaci\u00f3n.<br>Finalmente se\u00f1al\u00f3 que la petici\u00f3n de bajar las tarifas de energ\u00eda el\u00e9ctrica es para el radio que abarcan los 60 municipios del PERE en la v\u00eda ingesti\u00f3n, no en la v\u00eda pluma, que solo abarca 16 municipios.<\/p>\n\n\n\n<figure class=\"wp-block-image size-large\"><img loading=\"lazy\" decoding=\"async\" width=\"1024\" height=\"464\" src=\"https:\/\/encuentroinformativo.com.mx\/wp-content\/uploads\/2021\/09\/32561DE3-FC0D-47FA-BA77-ADF7B54E624E-1024x464.jpeg\" alt=\"\" class=\"wp-image-18683\" srcset=\"https:\/\/encuentroinformativo.com.mx\/wp-content\/uploads\/2021\/09\/32561DE3-FC0D-47FA-BA77-ADF7B54E624E-1024x464.jpeg 1024w, https:\/\/encuentroinformativo.com.mx\/wp-content\/uploads\/2021\/09\/32561DE3-FC0D-47FA-BA77-ADF7B54E624E-300x136.jpeg 300w, https:\/\/encuentroinformativo.com.mx\/wp-content\/uploads\/2021\/09\/32561DE3-FC0D-47FA-BA77-ADF7B54E624E-768x348.jpeg 768w, https:\/\/encuentroinformativo.com.mx\/wp-content\/uploads\/2021\/09\/32561DE3-FC0D-47FA-BA77-ADF7B54E624E.jpeg 1197w\" sizes=\"auto, (max-width: 1024px) 100vw, 1024px\" \/><\/figure>\n","protected":false},"excerpt":{"rendered":"<p>Dar\u00edo Pale Xalapa, Ver.- Resistencia civil de &#8220;Chucho El Roto&#8221;, bloquea carreteras por tarifas injustas de CFE, ya que exigen la reclasificaci\u00f3n que se debi\u00f3 aplicar desde el 2002, as\u00ed no habr\u00eda adeudos, adem\u00e1s de que exigen di\u00e1logo con su l\u00edder Francisco Morales, alias &#8220;El Potro&#8221;, y tambi\u00e9n denuncian el mal estado de las v\u00edas [&hellip;]<\/p>\n","protected":false},"author":1,"featured_media":18682,"comment_status":"open","ping_status":"open","sticky":false,"template":"","format":"standard","meta":{"_jetpack_memberships_contains_paid_content":false,"footnotes":""},"categories":[2],"tags":[],"class_list":["post-18681","post","type-post","status-publish","format-standard","has-post-thumbnail","hentry","category-estado"],"jetpack_featured_media_url":"https:\/\/encuentroinformativo.com.mx\/wp-content\/uploads\/2021\/09\/4110BA3C-0A25-4FA9-BDE9-2C7CF9703142.jpeg","jetpack_sharing_enabled":true,"jetpack_likes_enabled":true,"amp_enabled":true,"_links":{"self":[{"href":"https:\/\/encuentroinformativo.com.mx\/index.php?rest_route=\/wp\/v2\/posts\/18681","targetHints":{"allow":["GET"]}}],"collection":[{"href":"https:\/\/encuentroinformativo.com.mx\/index.php?rest_route=\/wp\/v2\/posts"}],"about":[{"href":"https:\/\/encuentroinformativo.com.mx\/index.php?rest_route=\/wp\/v2\/types\/post"}],"author":[{"embeddable":true,"href":"https:\/\/encuentroinformativo.com.mx\/index.php?rest_route=\/wp\/v2\/users\/1"}],"replies":[{"embeddable":true,"href":"https:\/\/encuentroinformativo.com.mx\/index.php?rest_route=%2Fwp%2Fv2%2Fcomments&post=18681"}],"version-history":[{"count":1,"href":"https:\/\/encuentroinformativo.com.mx\/index.php?rest_route=\/wp\/v2\/posts\/18681\/revisions"}],"predecessor-version":[{"id":18684,"href":"https:\/\/encuentroinformativo.com.mx\/index.php?rest_route=\/wp\/v2\/posts\/18681\/revisions\/18684"}],"wp:featuredmedia":[{"embeddable":true,"href":"https:\/\/encuentroinformativo.com.mx\/index.php?rest_route=\/wp\/v2\/media\/18682"}],"wp:attachment":[{"href":"https:\/\/encuentroinformativo.com.mx\/index.php?rest_route=%2Fwp%2Fv2%2Fmedia&parent=18681"}],"wp:term":[{"taxonomy":"category","embeddable":true,"href":"https:\/\/encuentroinformativo.com.mx\/index.php?rest_route=%2Fwp%2Fv2%2Fcategories&post=18681"},{"taxonomy":"post_tag","embeddable":true,"href":"https:\/\/encuentroinformativo.com.mx\/index.php?rest_route=%2Fwp%2Fv2%2Ftags&post=18681"}],"curies":[{"name":"wp","href":"https:\/\/api.w.org\/{rel}","templated":true}]}}