{"id":18685,"date":"2021-09-23T12:58:37","date_gmt":"2021-09-23T17:58:37","guid":{"rendered":"https:\/\/encuentroinformativo.com.mx\/?p=18685"},"modified":"2021-09-23T12:58:41","modified_gmt":"2021-09-23T17:58:41","slug":"insiste-fnerrr-reclama-vacunacion-para-menores","status":"publish","type":"post","link":"https:\/\/encuentroinformativo.com.mx\/?p=18685","title":{"rendered":"Insiste FNERRR reclama vacunaci\u00f3n para menores"},"content":{"rendered":"\n<p><strong>Dar\u00edo Pale<\/strong><\/p>\n\n\n\n<p>Xalapa, Ver.- Se manifestaron en la Plaza Lerdo J\u00f3venes integrantes de la Federaci\u00f3n Nacional de Estudiantes Revolucionarios &#8220;Rafael Ram\u00edrez&#8221; (FNERRR), ya que exigen vacunaci\u00f3n a menores para ir a clases presenciales, educaci\u00f3n en l\u00ednea es &#8220;bastante deficiente&#8221;.<\/p>\n\n\n\n<p>Entrevistado durante la manifestaci\u00f3n Wenceslao P\u00e9rez Caballero, integrante de la agrupaci\u00f3n estudiantil, critic\u00f3 que la Federaci\u00f3n no quiera vacunar a los menores y refiri\u00f3 que los que lo han podido hacer, ha sido a trav\u00e9s de amparos.<\/p>\n\n\n\n<p>Dio a conocer que con base en datos que dieron a nivel nacional, apenas si se ha logrado vacunar al 30 por ciento de la poblaci\u00f3n total del pa\u00eds, por lo que critic\u00f3 que el gobierno no haya incluido en el Plan Nacional de Vacunaci\u00f3n a los menores de edad.<\/p>\n\n\n\n<p>Admiti\u00f3 que ellos como j\u00f3venes de m\u00e1s de 18 a\u00f1os de edad ya est\u00e1n siendo vacunados, pero consider\u00f3 que este sector no ha avanzado de manera adecuada, ya que todav\u00eda hay muchos municipios donde no tienen la primera dosis.<\/p>\n\n\n\n<p>Finalmente insisti\u00f3 en que se deben vacunar a los menores de edad para que acudan un poco m\u00e1s seguros a tomar sus clases presenciales, &#8220;porque la educaci\u00f3n en l\u00ednea es bastante deficiente&#8221;.<\/p>\n\n\n\n<figure class=\"wp-block-image size-large\"><img loading=\"lazy\" decoding=\"async\" width=\"1024\" height=\"682\" src=\"https:\/\/encuentroinformativo.com.mx\/wp-content\/uploads\/2021\/09\/229845F1-6DC4-4F21-A5C9-E54152D613FF-1024x682.jpeg\" alt=\"\" class=\"wp-image-18687\" srcset=\"https:\/\/encuentroinformativo.com.mx\/wp-content\/uploads\/2021\/09\/229845F1-6DC4-4F21-A5C9-E54152D613FF-1024x682.jpeg 1024w, https:\/\/encuentroinformativo.com.mx\/wp-content\/uploads\/2021\/09\/229845F1-6DC4-4F21-A5C9-E54152D613FF-300x200.jpeg 300w, https:\/\/encuentroinformativo.com.mx\/wp-content\/uploads\/2021\/09\/229845F1-6DC4-4F21-A5C9-E54152D613FF-768x512.jpeg 768w, https:\/\/encuentroinformativo.com.mx\/wp-content\/uploads\/2021\/09\/229845F1-6DC4-4F21-A5C9-E54152D613FF.jpeg 1280w\" sizes=\"auto, (max-width: 1024px) 100vw, 1024px\" \/><\/figure>\n","protected":false},"excerpt":{"rendered":"<p>Dar\u00edo Pale Xalapa, Ver.- Se manifestaron en la Plaza Lerdo J\u00f3venes integrantes de la Federaci\u00f3n Nacional de Estudiantes Revolucionarios &#8220;Rafael Ram\u00edrez&#8221; (FNERRR), ya que exigen vacunaci\u00f3n a menores para ir a clases presenciales, educaci\u00f3n en l\u00ednea es &#8220;bastante deficiente&#8221;. Entrevistado durante la manifestaci\u00f3n Wenceslao P\u00e9rez Caballero, integrante de la agrupaci\u00f3n estudiantil, critic\u00f3 que la Federaci\u00f3n [&hellip;]<\/p>\n","protected":false},"author":1,"featured_media":18686,"comment_status":"open","ping_status":"open","sticky":false,"template":"","format":"standard","meta":{"_jetpack_memberships_contains_paid_content":false,"footnotes":""},"categories":[3],"tags":[],"class_list":["post-18685","post","type-post","status-publish","format-standard","has-post-thumbnail","hentry","category-xalapa"],"jetpack_featured_media_url":"https:\/\/encuentroinformativo.com.mx\/wp-content\/uploads\/2021\/09\/BFF8D8A3-83E0-4D25-87E3-2384F2697AD1.jpeg","jetpack_sharing_enabled":true,"jetpack_likes_enabled":true,"amp_enabled":true,"_links":{"self":[{"href":"https:\/\/encuentroinformativo.com.mx\/index.php?rest_route=\/wp\/v2\/posts\/18685","targetHints":{"allow":["GET"]}}],"collection":[{"href":"https:\/\/encuentroinformativo.com.mx\/index.php?rest_route=\/wp\/v2\/posts"}],"about":[{"href":"https:\/\/encuentroinformativo.com.mx\/index.php?rest_route=\/wp\/v2\/types\/post"}],"author":[{"embeddable":true,"href":"https:\/\/encuentroinformativo.com.mx\/index.php?rest_route=\/wp\/v2\/users\/1"}],"replies":[{"embeddable":true,"href":"https:\/\/encuentroinformativo.com.mx\/index.php?rest_route=%2Fwp%2Fv2%2Fcomments&post=18685"}],"version-history":[{"count":1,"href":"https:\/\/encuentroinformativo.com.mx\/index.php?rest_route=\/wp\/v2\/posts\/18685\/revisions"}],"predecessor-version":[{"id":18688,"href":"https:\/\/encuentroinformativo.com.mx\/index.php?rest_route=\/wp\/v2\/posts\/18685\/revisions\/18688"}],"wp:featuredmedia":[{"embeddable":true,"href":"https:\/\/encuentroinformativo.com.mx\/index.php?rest_route=\/wp\/v2\/media\/18686"}],"wp:attachment":[{"href":"https:\/\/encuentroinformativo.com.mx\/index.php?rest_route=%2Fwp%2Fv2%2Fmedia&parent=18685"}],"wp:term":[{"taxonomy":"category","embeddable":true,"href":"https:\/\/encuentroinformativo.com.mx\/index.php?rest_route=%2Fwp%2Fv2%2Fcategories&post=18685"},{"taxonomy":"post_tag","embeddable":true,"href":"https:\/\/encuentroinformativo.com.mx\/index.php?rest_route=%2Fwp%2Fv2%2Ftags&post=18685"}],"curies":[{"name":"wp","href":"https:\/\/api.w.org\/{rel}","templated":true}]}}