{"id":18692,"date":"2021-09-23T15:18:56","date_gmt":"2021-09-23T20:18:56","guid":{"rendered":"https:\/\/encuentroinformativo.com.mx\/?p=18692"},"modified":"2021-09-23T15:19:00","modified_gmt":"2021-09-23T20:19:00","slug":"con-firma-de-minuta-retiran-bloqueo-carretero","status":"publish","type":"post","link":"https:\/\/encuentroinformativo.com.mx\/?p=18692","title":{"rendered":"Con firma de minuta, retiran bloqueo carretero"},"content":{"rendered":"\n<p><strong>Juan Arcos<\/strong><\/p>\n\n\n\n<p>Xalapa, Ver.- La carretera federal Xalapa-Veracruz fue liberada por los manifiestamente que manten\u00edan un bloqueo a la altura de Cerro Gordo, municipio de Emiliano Zapata.<\/p>\n\n\n\n<p>Los integrantes del movimiento de resistencia civil \u201cLa Leyenda de Chucho El Roto\u201d llegaron a un acuerdo y firmaron una minuta de trabajo con el director general de Pol\u00edtica Regional, H\u00e9ctor Cipri\u00e1n, y el representante de la Comisi\u00f3n Federal de Electricidad (CFE), Jos\u00e9 Becerra.<\/p>\n\n\n\n<p>Los quejosos bloquearon la v\u00eda de comunicaci\u00f3n desde las 10:20 horas de este jueves 23 de septiembre hasta las 14:00 horas.\u00a0<br>H\u00e9ctor Cipri\u00e1n inform\u00f3 que se hab\u00eda generado una fila de veh\u00edculos, unidades de carga pesada y autobuses que se quedaron varados por el cierre carretero.<\/p>\n\n\n\n<p>Posteriormente, Jorge Barradas Morales, secretario general de la agrupaci\u00f3n mencionada, ley\u00f3 la minuta de trabajo a los presentes y comenzaron a retirarse de la arteria vehicular.<\/p>\n\n\n\n<p>Entre los acuerdos, destaca que ser\u00e1n reanudadas las mesas de trabajo, mismas que se hab\u00edan suspendido deste hace a\u00f1o y medio por la pandemia del SARS-COV-2 (COVID-19).<\/p>\n\n\n\n<p>Se estableci\u00f3 que la primera reuni\u00f3n se realizar\u00e1 este viernes 24 de septiembre a las 11:00 horas, con la presencia de Francisco Fern\u00e1ndez Morales, mejor conocido como el \u201cPotro\u201d, otros cinco integrantes de la asociaci\u00f3n y autoridades del gobierno estatal y de CFE.<\/p>\n\n\n\n<figure class=\"wp-block-image size-large\"><img loading=\"lazy\" decoding=\"async\" width=\"1024\" height=\"611\" src=\"https:\/\/encuentroinformativo.com.mx\/wp-content\/uploads\/2021\/09\/C330F1EC-7FB6-4C66-BF34-652DC7D0FB14-1024x611.jpeg\" alt=\"\" class=\"wp-image-18694\" srcset=\"https:\/\/encuentroinformativo.com.mx\/wp-content\/uploads\/2021\/09\/C330F1EC-7FB6-4C66-BF34-652DC7D0FB14-1024x611.jpeg 1024w, https:\/\/encuentroinformativo.com.mx\/wp-content\/uploads\/2021\/09\/C330F1EC-7FB6-4C66-BF34-652DC7D0FB14-300x179.jpeg 300w, https:\/\/encuentroinformativo.com.mx\/wp-content\/uploads\/2021\/09\/C330F1EC-7FB6-4C66-BF34-652DC7D0FB14-768x458.jpeg 768w, https:\/\/encuentroinformativo.com.mx\/wp-content\/uploads\/2021\/09\/C330F1EC-7FB6-4C66-BF34-652DC7D0FB14.jpeg 1453w\" sizes=\"auto, (max-width: 1024px) 100vw, 1024px\" \/><\/figure>\n","protected":false},"excerpt":{"rendered":"<p>Juan Arcos Xalapa, Ver.- La carretera federal Xalapa-Veracruz fue liberada por los manifiestamente que manten\u00edan un bloqueo a la altura de Cerro Gordo, municipio de Emiliano Zapata. Los integrantes del movimiento de resistencia civil \u201cLa Leyenda de Chucho El Roto\u201d llegaron a un acuerdo y firmaron una minuta de trabajo con el director general de [&hellip;]<\/p>\n","protected":false},"author":1,"featured_media":18693,"comment_status":"open","ping_status":"open","sticky":false,"template":"","format":"standard","meta":{"_jetpack_memberships_contains_paid_content":false,"footnotes":""},"categories":[2],"tags":[],"class_list":["post-18692","post","type-post","status-publish","format-standard","has-post-thumbnail","hentry","category-estado"],"jetpack_featured_media_url":"https:\/\/encuentroinformativo.com.mx\/wp-content\/uploads\/2021\/09\/BC2E99E5-11C5-4726-A130-5CC88BF96809.jpeg","jetpack_sharing_enabled":true,"jetpack_likes_enabled":true,"amp_enabled":true,"_links":{"self":[{"href":"https:\/\/encuentroinformativo.com.mx\/index.php?rest_route=\/wp\/v2\/posts\/18692","targetHints":{"allow":["GET"]}}],"collection":[{"href":"https:\/\/encuentroinformativo.com.mx\/index.php?rest_route=\/wp\/v2\/posts"}],"about":[{"href":"https:\/\/encuentroinformativo.com.mx\/index.php?rest_route=\/wp\/v2\/types\/post"}],"author":[{"embeddable":true,"href":"https:\/\/encuentroinformativo.com.mx\/index.php?rest_route=\/wp\/v2\/users\/1"}],"replies":[{"embeddable":true,"href":"https:\/\/encuentroinformativo.com.mx\/index.php?rest_route=%2Fwp%2Fv2%2Fcomments&post=18692"}],"version-history":[{"count":1,"href":"https:\/\/encuentroinformativo.com.mx\/index.php?rest_route=\/wp\/v2\/posts\/18692\/revisions"}],"predecessor-version":[{"id":18695,"href":"https:\/\/encuentroinformativo.com.mx\/index.php?rest_route=\/wp\/v2\/posts\/18692\/revisions\/18695"}],"wp:featuredmedia":[{"embeddable":true,"href":"https:\/\/encuentroinformativo.com.mx\/index.php?rest_route=\/wp\/v2\/media\/18693"}],"wp:attachment":[{"href":"https:\/\/encuentroinformativo.com.mx\/index.php?rest_route=%2Fwp%2Fv2%2Fmedia&parent=18692"}],"wp:term":[{"taxonomy":"category","embeddable":true,"href":"https:\/\/encuentroinformativo.com.mx\/index.php?rest_route=%2Fwp%2Fv2%2Fcategories&post=18692"},{"taxonomy":"post_tag","embeddable":true,"href":"https:\/\/encuentroinformativo.com.mx\/index.php?rest_route=%2Fwp%2Fv2%2Ftags&post=18692"}],"curies":[{"name":"wp","href":"https:\/\/api.w.org\/{rel}","templated":true}]}}