{"id":18702,"date":"2021-09-24T10:06:09","date_gmt":"2021-09-24T15:06:09","guid":{"rendered":"https:\/\/encuentroinformativo.com.mx\/?p=18702"},"modified":"2021-09-24T10:06:12","modified_gmt":"2021-09-24T15:06:12","slug":"gutierrez-luna-sazon-al-24","status":"publish","type":"post","link":"https:\/\/encuentroinformativo.com.mx\/?p=18702","title":{"rendered":"Guti\u00e9rrez Luna, saz\u00f3n al 24"},"content":{"rendered":"\n<p><strong>Los Pol\u00edticos<\/strong><\/p>\n\n\n\n<p><strong>Salvador Mu\u00f1oz<\/strong><\/p>\n\n\n\n<p>Guste o no, en especial a los distintos bandos (o bandas?) que hay al interior de Morena, la presencia de Sergio Guti\u00e9rrez Luna en el escenario pol\u00edtico de Veracruz, le pone saz\u00f3n a la competencia para el 2024 por la Gubernatura de Veracruz.<\/p>\n\n\n\n<p>Tan solo el anuncio de que este pr\u00f3ximo domingo, el presidente de la C\u00e1mara de Diputados ha de tener sendos encuentros con liderazgos, tanto sociales como econ\u00f3micos de la zona de Acayucan y de Minatitl\u00e1n (por supuesto, el terru\u00f1o), gener\u00f3 escozor, principalmente en esa zona donde lleg\u00f3 a asentarse la secretaria de Energ\u00eda, Roc\u00edo Nahle Garc\u00eda.<\/p>\n\n\n\n<p>\u00a1No sean albureros! Est\u00e1 clarito el texto.<\/p>\n\n\n\n<p>Es comprensible ese escozor porque desde que el Pejedente la calific\u00f3 como una de sus \u201ccorcholatas\u201d para la Grande, de cierto modo sab\u00eda que tambi\u00e9n era ubicarla como candidata a la Gubernatura este 2024\u2026<\/p>\n\n\n\n<p>Ello por supuesto conlleva a tapar un hoyo haciendo otro.<\/p>\n\n\n\n<p>Como se ha dicho una y otra vez, Roc\u00edo Nahle tiene atravesada la Constituci\u00f3n local que le impide ser Gobernadora por no haber nacido en Veracruz. Con una bancada aplastante en el Palacio de Encanto eso no ser\u00eda un problema\u2026 se hace un ligero ajuste y listo. Por cierto, Amado Cruz Malpica, Nahlista, ya hab\u00eda metido la iniciativa para salvar ese escollo. El asunto es que al tapar este hoyo, se hace otro y le abren la posibilidad a Ricardo Ahued para que su corazoncito igual palpite por el edificio que tendr\u00e1 como vecino en pr\u00f3ximos meses.<\/p>\n\n\n\n<p>Pero, volvamos al inicio\u2026 La agenda de Guti\u00e9rrez Luna le da al escenario pol\u00edtico de Morena una saz\u00f3n especial, al grado que dicen que se le quiere adelantar a Nahle\u2026 no, para nada\u2026 Roc\u00edo Nahle lleva trecho y el nativo de Minatitl\u00e1n apenas empieza a caminar, aunque lo interesante es que apenas da dos pasos, y a kil\u00f3metros de distancia, los nahlistas sienten su aliento en la nuca. De ese tama\u00f1o la inseguridad.<\/p>\n\n\n\n<p>No es para menos. El peso pol\u00edtico espec\u00edfico de uno simplemente desequilibra a la otra. Aunque realmente el asunto es f\u00e1cil para la \u201cCorcholata\u201d del Pejedente: Nahle le lleva ventaja a Guti\u00e9rrez Luna y s\u00f3lo de ella depende sacar distancia a su cuasi-paisano as\u00ed como al mismo Ahued\u2026 por supuesto, puede ser de tres modos: con resultados, defendiendo a capa y espada a la 4T (queda-bien con el Pejedente), o ambas\u2026<\/p>\n\n\n\n<p>Por otro lado, Guti\u00e9rrez Luna no est\u00e1 manco y est\u00e1 en la posibilidad de crecer (cosa que ser\u00e1 m\u00e1s complicada para Nahle que puede que ya haya llegado a su tope). Su crecimiento debe verse reflejado en los resultados obtenidos en el Congreso de la Uni\u00f3n, que van desde favorecer a los objetivos del Pejedente, generar acuerdos y di\u00e1logo con la oposici\u00f3n, as\u00ed como de gestionar apoyos y recursos para Mina como para la entidad, por decir lo m\u00e1s f\u00e1cil y r\u00e1pido\u2026<\/p>\n\n\n\n<p>S\u00ed, tiene tres a\u00f1os para hacerlo y sabe que el tiempo pasa volando\u2026 por eso ya inicia su labor en la zona sur, empezando por la casa\u2026 \u00a1vamos! no extra\u00f1e entonces luego verlo en el Puerto, en Xalapa, en el Norte\u2026 acompa\u00f1ado de 14 diputados federales de Morena para ir armando equipo\u2026 m\u00e1s los pluris que le entren.<\/p>\n\n\n\n<p>Creo que a Guti\u00e9rrez Luna no se le puede culpar si en una de \u00e9sas, pretende alzar la mano para el 2024\u2026 es un acto natural en cada veracruzano, est\u00e1 en el ADN del veracruzano, se trae en la sangre\u2026 mientras, hasta el momento, con pocos d\u00edas al frente de San L\u00e1zaro, el oriundo de Minatitl\u00e1n ha hecho m\u00e1s ruido que una manifestaci\u00f3n de pobladores demandando a las autoridades tarifas de electricidad igual de bajas como se las pusieron en Tabasco\u2026 les digo: Guti\u00e9rrez Luna le pone saz\u00f3n al 24.<\/p>\n\n\n\n<p><a href=\"mailto:smcainito@gmail.com\" target=\"_blank\" rel=\"noreferrer noopener\">smcainito@gmail.com<\/a><\/p>\n","protected":false},"excerpt":{"rendered":"<p>Los Pol\u00edticos Salvador Mu\u00f1oz Guste o no, en especial a los distintos bandos (o bandas?) que hay al interior de Morena, la presencia de Sergio Guti\u00e9rrez Luna en el escenario pol\u00edtico de Veracruz, le pone saz\u00f3n a la competencia para el 2024 por la Gubernatura de Veracruz. Tan solo el anuncio de que este pr\u00f3ximo [&hellip;]<\/p>\n","protected":false},"author":1,"featured_media":387,"comment_status":"open","ping_status":"open","sticky":false,"template":"","format":"standard","meta":{"_jetpack_memberships_contains_paid_content":false,"footnotes":""},"categories":[11],"tags":[],"class_list":["post-18702","post","type-post","status-publish","format-standard","has-post-thumbnail","hentry","category-opinion"],"jetpack_featured_media_url":"https:\/\/encuentroinformativo.com.mx\/wp-content\/uploads\/2020\/03\/7CF8A22B-2764-47BE-8F7F-38FE9E5D6A2F.jpeg","jetpack_sharing_enabled":true,"jetpack_likes_enabled":true,"amp_enabled":true,"_links":{"self":[{"href":"https:\/\/encuentroinformativo.com.mx\/index.php?rest_route=\/wp\/v2\/posts\/18702","targetHints":{"allow":["GET"]}}],"collection":[{"href":"https:\/\/encuentroinformativo.com.mx\/index.php?rest_route=\/wp\/v2\/posts"}],"about":[{"href":"https:\/\/encuentroinformativo.com.mx\/index.php?rest_route=\/wp\/v2\/types\/post"}],"author":[{"embeddable":true,"href":"https:\/\/encuentroinformativo.com.mx\/index.php?rest_route=\/wp\/v2\/users\/1"}],"replies":[{"embeddable":true,"href":"https:\/\/encuentroinformativo.com.mx\/index.php?rest_route=%2Fwp%2Fv2%2Fcomments&post=18702"}],"version-history":[{"count":1,"href":"https:\/\/encuentroinformativo.com.mx\/index.php?rest_route=\/wp\/v2\/posts\/18702\/revisions"}],"predecessor-version":[{"id":18703,"href":"https:\/\/encuentroinformativo.com.mx\/index.php?rest_route=\/wp\/v2\/posts\/18702\/revisions\/18703"}],"wp:featuredmedia":[{"embeddable":true,"href":"https:\/\/encuentroinformativo.com.mx\/index.php?rest_route=\/wp\/v2\/media\/387"}],"wp:attachment":[{"href":"https:\/\/encuentroinformativo.com.mx\/index.php?rest_route=%2Fwp%2Fv2%2Fmedia&parent=18702"}],"wp:term":[{"taxonomy":"category","embeddable":true,"href":"https:\/\/encuentroinformativo.com.mx\/index.php?rest_route=%2Fwp%2Fv2%2Fcategories&post=18702"},{"taxonomy":"post_tag","embeddable":true,"href":"https:\/\/encuentroinformativo.com.mx\/index.php?rest_route=%2Fwp%2Fv2%2Ftags&post=18702"}],"curies":[{"name":"wp","href":"https:\/\/api.w.org\/{rel}","templated":true}]}}