{"id":18708,"date":"2021-09-24T11:46:00","date_gmt":"2021-09-24T16:46:00","guid":{"rendered":"https:\/\/encuentroinformativo.com.mx\/?p=18708"},"modified":"2021-09-24T11:46:04","modified_gmt":"2021-09-24T16:46:04","slug":"supervisara-amlo-refineria-de-minatitlan","status":"publish","type":"post","link":"https:\/\/encuentroinformativo.com.mx\/?p=18708","title":{"rendered":"Supervisar\u00e1 AMLO refiner\u00eda de Minatitl\u00e1n"},"content":{"rendered":"\n<p><strong>Dar\u00edo Pale <\/strong><\/p>\n\n\n\n<p>Xalapa, Ver.- El presidente de M\u00e9xico Andr\u00e9s Manuel L\u00f3pez Obrador supervisar\u00e1 la rehabilitaci\u00f3n de la refiner\u00eda de Minatitl\u00e1n, este 26 de septiembre, adem\u00e1s visitar\u00e1 a los afectados por el hurac\u00e1n Grace el 2, estar\u00e1 tambi\u00e9n 4 y 5 de octubre en puerto de Veracruz.<\/p>\n\n\n\n<p>El presidente de M\u00e9xico este domingo 26 de septiembre supervisar\u00e1 los trabajos de rehabilitaci\u00f3n de la refiner\u00eda de Minatitl\u00e1n, hay que recordar que el pasado 7 de abril se registr\u00f3 un fuerte incendio en la refiner\u00eda &#8220;General L\u00e1zaro C\u00e1rdenas&#8221; en dicho muncipio del sur de Veracruz.<\/p>\n\n\n\n<p>El saldo fue de siete lesionados con heridas leves, un trabajador de la petrolera por quemaduras y uno por intoxicaci\u00f3n, as\u00ed como cinco bomberos que participaban en controlar el incidente.\u00a0El Ejecutivo federal puntualiz\u00f3 que eso ser\u00e1 por la ma\u00f1ana, mientras que por la tarde supervisar\u00e1 el avance de la refiner\u00eda de Dos Bocas y se regresa a la Ciudad de M\u00e9xico.<\/p>\n\n\n\n<p>El lunes 27 regresar\u00e1 a la capital, el 28 estar\u00e1 en Sonora, el 29 en la Ciudad de M\u00e9xico y el 30 regresa a la Ciudad de M\u00e9xico y luego estar\u00e1 en Morelos.<\/p>\n\n\n\n<p>En otro orden de ideas tambi\u00e9n dio a conocer que el s\u00e1bado 2 octubre visitar\u00e1 la zona afectada por el hurac\u00e1n Grace, y que ese d\u00eda estar\u00e1 en Huayacocotla, posteriormente estar\u00e1 en Huauchinango, Puebla.<\/p>\n\n\n\n<p>Mientras que el domingo estar\u00e1 en una comunidad de Hidalgo que tambi\u00e9n result\u00f3 afectada por el fen\u00f3meno meteorol\u00f3gico, as\u00ed como en Apizaco, ah\u00ed llevar\u00e1 a cabo una evaluaci\u00f3n de los programas sociales.<\/p>\n\n\n\n<p>Precis\u00f3 que el lunes 4 de octubre la ma\u00f1anera se llevar\u00e1 a cabo en el estado de Puebla y despu\u00e9s, ese mismo d\u00eda, se trasladar\u00e1 al puerto de Veracruz.<\/p>\n\n\n\n<p>M\u00e1s tarde, ese mismo 4 de octubre, estar\u00e1 en el puerto de Veracruz, en San Juan de Ul\u00faa para la celebraci\u00f3n del bicentenario de la Armada de M\u00e9xico.<\/p>\n\n\n\n<p>&#8220;Porque se van a conmemorar los 200 a\u00f1os de la creaci\u00f3n de la Armada de M\u00e9xico y ah\u00ed terminan todos los festejos de este a\u00f1o que comenzaron el Cuilapa, Oaxaca, donde se asesin\u00f3 a Vicente Guerrero&#8221;, se\u00f1al\u00f3.<\/p>\n\n\n\n<p>Finalmente el Presidente resalt\u00f3 que en la tarde-noche habr\u00e1 un acto en el Puerto, de suerte que la ma\u00f1anera del 5 de octubre ser\u00e1 ah\u00ed mismo y luego regresa a la Ciudad de M\u00e9xico.<\/p>\n","protected":false},"excerpt":{"rendered":"<p>Dar\u00edo Pale Xalapa, Ver.- El presidente de M\u00e9xico Andr\u00e9s Manuel L\u00f3pez Obrador supervisar\u00e1 la rehabilitaci\u00f3n de la refiner\u00eda de Minatitl\u00e1n, este 26 de septiembre, adem\u00e1s visitar\u00e1 a los afectados por el hurac\u00e1n Grace el 2, estar\u00e1 tambi\u00e9n 4 y 5 de octubre en puerto de Veracruz. El presidente de M\u00e9xico este domingo 26 de septiembre [&hellip;]<\/p>\n","protected":false},"author":1,"featured_media":18709,"comment_status":"open","ping_status":"open","sticky":false,"template":"","format":"standard","meta":{"_jetpack_memberships_contains_paid_content":false,"footnotes":""},"categories":[2],"tags":[],"class_list":["post-18708","post","type-post","status-publish","format-standard","has-post-thumbnail","hentry","category-estado"],"jetpack_featured_media_url":"https:\/\/encuentroinformativo.com.mx\/wp-content\/uploads\/2021\/09\/9B3155CB-2C5B-4D44-82AB-71AB0C5F65B1.jpeg","jetpack_sharing_enabled":true,"jetpack_likes_enabled":true,"amp_enabled":true,"_links":{"self":[{"href":"https:\/\/encuentroinformativo.com.mx\/index.php?rest_route=\/wp\/v2\/posts\/18708","targetHints":{"allow":["GET"]}}],"collection":[{"href":"https:\/\/encuentroinformativo.com.mx\/index.php?rest_route=\/wp\/v2\/posts"}],"about":[{"href":"https:\/\/encuentroinformativo.com.mx\/index.php?rest_route=\/wp\/v2\/types\/post"}],"author":[{"embeddable":true,"href":"https:\/\/encuentroinformativo.com.mx\/index.php?rest_route=\/wp\/v2\/users\/1"}],"replies":[{"embeddable":true,"href":"https:\/\/encuentroinformativo.com.mx\/index.php?rest_route=%2Fwp%2Fv2%2Fcomments&post=18708"}],"version-history":[{"count":1,"href":"https:\/\/encuentroinformativo.com.mx\/index.php?rest_route=\/wp\/v2\/posts\/18708\/revisions"}],"predecessor-version":[{"id":18710,"href":"https:\/\/encuentroinformativo.com.mx\/index.php?rest_route=\/wp\/v2\/posts\/18708\/revisions\/18710"}],"wp:featuredmedia":[{"embeddable":true,"href":"https:\/\/encuentroinformativo.com.mx\/index.php?rest_route=\/wp\/v2\/media\/18709"}],"wp:attachment":[{"href":"https:\/\/encuentroinformativo.com.mx\/index.php?rest_route=%2Fwp%2Fv2%2Fmedia&parent=18708"}],"wp:term":[{"taxonomy":"category","embeddable":true,"href":"https:\/\/encuentroinformativo.com.mx\/index.php?rest_route=%2Fwp%2Fv2%2Fcategories&post=18708"},{"taxonomy":"post_tag","embeddable":true,"href":"https:\/\/encuentroinformativo.com.mx\/index.php?rest_route=%2Fwp%2Fv2%2Ftags&post=18708"}],"curies":[{"name":"wp","href":"https:\/\/api.w.org\/{rel}","templated":true}]}}