{"id":18711,"date":"2021-09-24T12:53:14","date_gmt":"2021-09-24T17:53:14","guid":{"rendered":"https:\/\/encuentroinformativo.com.mx\/?p=18711"},"modified":"2021-09-24T12:53:18","modified_gmt":"2021-09-24T17:53:18","slug":"iniciaran-colecta-de-cobijas-para-personas-privadas-de-libertad","status":"publish","type":"post","link":"https:\/\/encuentroinformativo.com.mx\/?p=18711","title":{"rendered":"Iniciar\u00e1n colecta de cobijas para Personas Privadas de Libertad"},"content":{"rendered":"\n<p><strong>Dar\u00edo Pale<\/strong><\/p>\n\n\n\n<p>Xalapa, Ver.- La presidenta del patronato &#8220;Mariposas Tena&#8221;de ayuda humanitaria, Estrella de Luz, hizo un llamado a la sociedad a donar cobijas para personas privadas de su libertad, al igual que art\u00edculos de primera necesidad, de higiene y limpieza.<\/p>\n\n\n\n<p>En conferencia de prensa realizada en conocido caf\u00e9 del centro de Xalapa, se\u00f1al\u00f3 que, si bien las condiciones en los 17 centros penitenciarios del Estado no son \u00f3ptimas, se vigila que todos aquellos privados de su libertad tengan lo m\u00e1s necesario, pero ante el ingreso de los frentes fr\u00edos.<\/p>\n\n\n\n<p>Por lo anterior el patronato &#8220;Mariposas Tena&#8221;, iniciar\u00e1 una colecta de cobijas, por lo que hicieron un llamado a la participaci\u00f3n de la sociedad para que donen una cobija, edredones, frazadas, art\u00edculos de higiene personal, entre otros.<\/p>\n\n\n\n<p>La colecta llevar\u00e1 en esta ocasi\u00f3n el nombre &#8220;Cobijando una estrella&#8221; \u00a0y se entregar\u00e1n a personas con alteraciones mentales, mujeres con sus beb\u00e9s, integrantes de la comunidad LGBTTTIQ, adultos mayores y otros con enfermedades cr\u00f3nico-degenerativas que est\u00e1n recluidas en alg\u00fan centro de reinserci\u00f3n social del Estado.<\/p>\n\n\n\n<p>Estrella de Luz record\u00f3 que las autoridades ya dieron a conocer que para este a\u00f1o se espera una temporada de frentes fr\u00edos que podr\u00edan registrar muy bajas temperaturas, as\u00ed como fuertes lluvias.<\/p>\n\n\n\n<p>La colecta inicia el pr\u00f3ximo lunes 27 de septiembre y quienes lo deseen podr\u00e1n aportar su ayuda en la avenida Fernando Guti\u00e9rrez Barrios n\u00famero 29, colonia Guadalupe Victoria, en el municipio de San Andr\u00e9s Tlalnelhuayopan.<\/p>\n\n\n\n<p>La entrega de los apoyos se har\u00e1 el 24 de diciembre, de manera que estar\u00e1n recibiendo apoyas hasta el 23 del mismo mes, asimismo, si alguna empresa o grupo quiere ayudar puede comunicarse al tel\u00e9fono 2284115151 para que el Patronato vaya a recoger las cobijas.<\/p>\n\n\n\n<p>Destac\u00f3 que principalmente necesitan art\u00edculos de higiene personal, cubrebocas, caretas, gel antibacterial, as\u00ed como de limpieza.<\/p>\n\n\n\n<p>Explic\u00f3 que si bien los internos de los centros de reinserci\u00f3n social no dejan de trabajar, de hacer artesan\u00edas, debido a la pandemia las c\u00e1rceles est\u00e1n parcialmente cerradas a las visitas y ello ha mermado su econom\u00eda.<\/p>\n\n\n\n<p>&#8220;Es una disminuci\u00f3n francamente relevante. Sabemos que las personas privadas de su libertad, en un 90 por ciento se dedican a la artesan\u00eda, ellos viven y dependen de sus ventas de jueves y domingo, el ingreso de la visita familiar, pero por el Covid representa una baja en su econom\u00eda&#8221;, expres\u00f3.<\/p>\n\n\n\n<p>Record\u00f3 que muchos, a\u00fan estando presos siguen apoyando la econom\u00eda de sus hogares, pagando la carrera de sus hijos, entre otros, por eso es que es muy importante que la sociedad se sume.<\/p>\n\n\n\n<p>Por \u00faltimo Estrella de Luz dijo no tener el dato preciso de cu\u00e1ntas mujeres est\u00e1n recluidas con sus beb\u00e9s, pero en el penal de Pacho Viejo hay dos peque\u00f1os.<\/p>\n","protected":false},"excerpt":{"rendered":"<p>Dar\u00edo Pale Xalapa, Ver.- La presidenta del patronato &#8220;Mariposas Tena&#8221;de ayuda humanitaria, Estrella de Luz, hizo un llamado a la sociedad a donar cobijas para personas privadas de su libertad, al igual que art\u00edculos de primera necesidad, de higiene y limpieza. En conferencia de prensa realizada en conocido caf\u00e9 del centro de Xalapa, se\u00f1al\u00f3 que, [&hellip;]<\/p>\n","protected":false},"author":1,"featured_media":18712,"comment_status":"open","ping_status":"open","sticky":false,"template":"","format":"standard","meta":{"_jetpack_memberships_contains_paid_content":false,"footnotes":""},"categories":[3],"tags":[],"class_list":["post-18711","post","type-post","status-publish","format-standard","has-post-thumbnail","hentry","category-xalapa"],"jetpack_featured_media_url":"https:\/\/encuentroinformativo.com.mx\/wp-content\/uploads\/2021\/09\/395DC160-4F2B-49C4-97B8-46C65A79D91B.jpeg","jetpack_sharing_enabled":true,"jetpack_likes_enabled":true,"amp_enabled":true,"_links":{"self":[{"href":"https:\/\/encuentroinformativo.com.mx\/index.php?rest_route=\/wp\/v2\/posts\/18711","targetHints":{"allow":["GET"]}}],"collection":[{"href":"https:\/\/encuentroinformativo.com.mx\/index.php?rest_route=\/wp\/v2\/posts"}],"about":[{"href":"https:\/\/encuentroinformativo.com.mx\/index.php?rest_route=\/wp\/v2\/types\/post"}],"author":[{"embeddable":true,"href":"https:\/\/encuentroinformativo.com.mx\/index.php?rest_route=\/wp\/v2\/users\/1"}],"replies":[{"embeddable":true,"href":"https:\/\/encuentroinformativo.com.mx\/index.php?rest_route=%2Fwp%2Fv2%2Fcomments&post=18711"}],"version-history":[{"count":1,"href":"https:\/\/encuentroinformativo.com.mx\/index.php?rest_route=\/wp\/v2\/posts\/18711\/revisions"}],"predecessor-version":[{"id":18713,"href":"https:\/\/encuentroinformativo.com.mx\/index.php?rest_route=\/wp\/v2\/posts\/18711\/revisions\/18713"}],"wp:featuredmedia":[{"embeddable":true,"href":"https:\/\/encuentroinformativo.com.mx\/index.php?rest_route=\/wp\/v2\/media\/18712"}],"wp:attachment":[{"href":"https:\/\/encuentroinformativo.com.mx\/index.php?rest_route=%2Fwp%2Fv2%2Fmedia&parent=18711"}],"wp:term":[{"taxonomy":"category","embeddable":true,"href":"https:\/\/encuentroinformativo.com.mx\/index.php?rest_route=%2Fwp%2Fv2%2Fcategories&post=18711"},{"taxonomy":"post_tag","embeddable":true,"href":"https:\/\/encuentroinformativo.com.mx\/index.php?rest_route=%2Fwp%2Fv2%2Ftags&post=18711"}],"curies":[{"name":"wp","href":"https:\/\/api.w.org\/{rel}","templated":true}]}}