{"id":18727,"date":"2021-09-24T16:29:42","date_gmt":"2021-09-24T21:29:42","guid":{"rendered":"https:\/\/encuentroinformativo.com.mx\/?p=18727"},"modified":"2021-09-24T16:29:46","modified_gmt":"2021-09-24T21:29:46","slug":"plan-de-gobierno-se-basara-en-peticiones-ciudadanas-paty-lobeira","status":"publish","type":"post","link":"https:\/\/encuentroinformativo.com.mx\/?p=18727","title":{"rendered":"Plan de gobierno se basar\u00e1 en peticiones ciudadanas: Paty Lobeira"},"content":{"rendered":"\n<p><strong>Alejandro \u00c1vila<\/strong><\/p>\n\n\n\n<p>Boca del R\u00edo, Ver.- Durante la siguiente administraci\u00f3n municipal en Veracruz, la prioridad ser\u00e1 construir un Plan Integral de Gobierno que contenga las solicitudes prioritarias de la ciudadan\u00eda, mencion\u00f3 en entrevista la alcaldesa electa, Patricia Lobeira Rodr\u00edguez.<\/p>\n\n\n\n<p>\u201cDe mi parte va a haber much\u00edsimo trabajo en favor de todas las familias de Veracruz y vamos a estar trabajando muy cercanos a la gente\u201d, subray\u00f3.<\/p>\n\n\n\n<p>La panista mencion\u00f3 que as\u00ed como hoy asisti\u00f3 a la reuni\u00f3n mensual de socios Coparmex, durante las \u00faltimas semanas ha sostenido encuentros con diversos grupos de la sociedad civil, con el objetivo de ir conformando su Plan de Trabajo.<\/p>\n\n\n\n<p>La Alcaldesa electa del Puerto de Veracruz afirm\u00f3 que su gobierno ser\u00e1 cercano, que trabaje en sinton\u00eda a las necesidades de los veracruzanos con programas, acciones y obras que mejoren la vida de las personas y que permitan continuar con el desarrollo ordenado de la ciudad y de su econom\u00eda.<\/p>\n\n\n\n<p>Lobeira Rodr\u00edguez reconoci\u00f3 que las necesidades de la ciudad son muchas, por ello, ya se encuentra afinando los programas que integrar\u00e1 a su gobierno.<\/p>\n\n\n\n<p>\u201cYo lo que les prometo a los veracruzanos es much\u00edsimo trabajo, que ya desde ahorita estamos realizando\u201d, concluy\u00f3 Paty Lobeira.<\/p>\n","protected":false},"excerpt":{"rendered":"<p>Alejandro \u00c1vila Boca del R\u00edo, Ver.- Durante la siguiente administraci\u00f3n municipal en Veracruz, la prioridad ser\u00e1 construir un Plan Integral de Gobierno que contenga las solicitudes prioritarias de la ciudadan\u00eda, mencion\u00f3 en entrevista la alcaldesa electa, Patricia Lobeira Rodr\u00edguez. \u201cDe mi parte va a haber much\u00edsimo trabajo en favor de todas las familias de Veracruz [&hellip;]<\/p>\n","protected":false},"author":1,"featured_media":18728,"comment_status":"open","ping_status":"open","sticky":false,"template":"","format":"standard","meta":{"_jetpack_memberships_contains_paid_content":false,"footnotes":""},"categories":[2],"tags":[],"class_list":["post-18727","post","type-post","status-publish","format-standard","has-post-thumbnail","hentry","category-estado"],"jetpack_featured_media_url":"https:\/\/encuentroinformativo.com.mx\/wp-content\/uploads\/2021\/09\/47DF0A03-1F54-4EB0-AD59-37A539FCA031.jpeg","jetpack_sharing_enabled":true,"jetpack_likes_enabled":true,"amp_enabled":true,"_links":{"self":[{"href":"https:\/\/encuentroinformativo.com.mx\/index.php?rest_route=\/wp\/v2\/posts\/18727","targetHints":{"allow":["GET"]}}],"collection":[{"href":"https:\/\/encuentroinformativo.com.mx\/index.php?rest_route=\/wp\/v2\/posts"}],"about":[{"href":"https:\/\/encuentroinformativo.com.mx\/index.php?rest_route=\/wp\/v2\/types\/post"}],"author":[{"embeddable":true,"href":"https:\/\/encuentroinformativo.com.mx\/index.php?rest_route=\/wp\/v2\/users\/1"}],"replies":[{"embeddable":true,"href":"https:\/\/encuentroinformativo.com.mx\/index.php?rest_route=%2Fwp%2Fv2%2Fcomments&post=18727"}],"version-history":[{"count":1,"href":"https:\/\/encuentroinformativo.com.mx\/index.php?rest_route=\/wp\/v2\/posts\/18727\/revisions"}],"predecessor-version":[{"id":18729,"href":"https:\/\/encuentroinformativo.com.mx\/index.php?rest_route=\/wp\/v2\/posts\/18727\/revisions\/18729"}],"wp:featuredmedia":[{"embeddable":true,"href":"https:\/\/encuentroinformativo.com.mx\/index.php?rest_route=\/wp\/v2\/media\/18728"}],"wp:attachment":[{"href":"https:\/\/encuentroinformativo.com.mx\/index.php?rest_route=%2Fwp%2Fv2%2Fmedia&parent=18727"}],"wp:term":[{"taxonomy":"category","embeddable":true,"href":"https:\/\/encuentroinformativo.com.mx\/index.php?rest_route=%2Fwp%2Fv2%2Fcategories&post=18727"},{"taxonomy":"post_tag","embeddable":true,"href":"https:\/\/encuentroinformativo.com.mx\/index.php?rest_route=%2Fwp%2Fv2%2Ftags&post=18727"}],"curies":[{"name":"wp","href":"https:\/\/api.w.org\/{rel}","templated":true}]}}