{"id":18730,"date":"2021-09-24T16:32:07","date_gmt":"2021-09-24T21:32:07","guid":{"rendered":"https:\/\/encuentroinformativo.com.mx\/?p=18730"},"modified":"2021-09-24T16:32:11","modified_gmt":"2021-09-24T21:32:11","slug":"regresaran-bienes-a-portuarios-afectados-por-la-requisa","status":"publish","type":"post","link":"https:\/\/encuentroinformativo.com.mx\/?p=18730","title":{"rendered":"Regresar\u00e1n bienes a portuarios afectados por la requisa"},"content":{"rendered":"\n<p><strong>Alejandro \u00c1vila<\/strong><\/p>\n\n\n\n<p>Veracruz, Ver.- La Secretar\u00eda del Trabajo y Previsi\u00f3n Social ha sido el ente mediador y conciliador en los acuerdos logrados para devolver los vienes a los trabajadores portuarios afectados por la requisa de 1991.<\/p>\n\n\n\n<p>Jos\u00e9 Alejandro Pulido Cueto, apoderado legal del sindicato de Maniobristas, Carretilleros y Estibadores, destac\u00f3 que toda esta situaci\u00f3n fue por orden del presidente Andr\u00e9s Manuel L\u00f3pez Obrador.<\/p>\n\n\n\n<p>&#8220;El presidente est\u00e1 muy interesado en que se nos restituya todo el patrimonio del que fuimos objeto de robo por parte de Salinas de Gortari y toda su camarilla de hampones, asesinos y rateros&#8221;, acus\u00f3.<\/p>\n\n\n\n<p>Destac\u00f3 que fueron despojados de empleos, cuentas bancarias e inmuebles, que en breve podr\u00edan recuperar y se busca adem\u00e1s, lograr un pago retroactivo por los da\u00f1os de hace 30 a\u00f1os.<\/p>\n\n\n\n<p>&#8220;Hoy legalmente, est\u00e1 demostrado que lo hicieron de una manera, apegandose o utilizando corrupciones a funcionarios corruptos y que estaban al servicio de \u00e9l. Entonces la voluntad del presidente es que se nos devuelva todo, y hoy oficialmente se est\u00e1 aceptando en un oficio que recibimos de parte de la Secretar\u00eda del Trabajo&#8221;, remat\u00f3.<\/p>\n","protected":false},"excerpt":{"rendered":"<p>Alejandro \u00c1vila Veracruz, Ver.- La Secretar\u00eda del Trabajo y Previsi\u00f3n Social ha sido el ente mediador y conciliador en los acuerdos logrados para devolver los vienes a los trabajadores portuarios afectados por la requisa de 1991. Jos\u00e9 Alejandro Pulido Cueto, apoderado legal del sindicato de Maniobristas, Carretilleros y Estibadores, destac\u00f3 que toda esta situaci\u00f3n fue [&hellip;]<\/p>\n","protected":false},"author":1,"featured_media":18731,"comment_status":"open","ping_status":"open","sticky":false,"template":"","format":"standard","meta":{"_jetpack_memberships_contains_paid_content":false,"footnotes":""},"categories":[2],"tags":[],"class_list":["post-18730","post","type-post","status-publish","format-standard","has-post-thumbnail","hentry","category-estado"],"jetpack_featured_media_url":"https:\/\/encuentroinformativo.com.mx\/wp-content\/uploads\/2021\/09\/844E6CE2-9F8B-495A-8863-56D6007B2056.jpeg","jetpack_sharing_enabled":true,"jetpack_likes_enabled":true,"amp_enabled":true,"_links":{"self":[{"href":"https:\/\/encuentroinformativo.com.mx\/index.php?rest_route=\/wp\/v2\/posts\/18730","targetHints":{"allow":["GET"]}}],"collection":[{"href":"https:\/\/encuentroinformativo.com.mx\/index.php?rest_route=\/wp\/v2\/posts"}],"about":[{"href":"https:\/\/encuentroinformativo.com.mx\/index.php?rest_route=\/wp\/v2\/types\/post"}],"author":[{"embeddable":true,"href":"https:\/\/encuentroinformativo.com.mx\/index.php?rest_route=\/wp\/v2\/users\/1"}],"replies":[{"embeddable":true,"href":"https:\/\/encuentroinformativo.com.mx\/index.php?rest_route=%2Fwp%2Fv2%2Fcomments&post=18730"}],"version-history":[{"count":1,"href":"https:\/\/encuentroinformativo.com.mx\/index.php?rest_route=\/wp\/v2\/posts\/18730\/revisions"}],"predecessor-version":[{"id":18732,"href":"https:\/\/encuentroinformativo.com.mx\/index.php?rest_route=\/wp\/v2\/posts\/18730\/revisions\/18732"}],"wp:featuredmedia":[{"embeddable":true,"href":"https:\/\/encuentroinformativo.com.mx\/index.php?rest_route=\/wp\/v2\/media\/18731"}],"wp:attachment":[{"href":"https:\/\/encuentroinformativo.com.mx\/index.php?rest_route=%2Fwp%2Fv2%2Fmedia&parent=18730"}],"wp:term":[{"taxonomy":"category","embeddable":true,"href":"https:\/\/encuentroinformativo.com.mx\/index.php?rest_route=%2Fwp%2Fv2%2Fcategories&post=18730"},{"taxonomy":"post_tag","embeddable":true,"href":"https:\/\/encuentroinformativo.com.mx\/index.php?rest_route=%2Fwp%2Fv2%2Ftags&post=18730"}],"curies":[{"name":"wp","href":"https:\/\/api.w.org\/{rel}","templated":true}]}}