{"id":18739,"date":"2021-09-25T09:38:56","date_gmt":"2021-09-25T14:38:56","guid":{"rendered":"https:\/\/encuentroinformativo.com.mx\/?p=18739"},"modified":"2021-09-25T09:39:00","modified_gmt":"2021-09-25T14:39:00","slug":"regimen-de-confianza","status":"publish","type":"post","link":"https:\/\/encuentroinformativo.com.mx\/?p=18739","title":{"rendered":"R\u00e9gimen de Confianza"},"content":{"rendered":"\n<p><strong>N\u00fameros Rojos<\/strong><\/p>\n\n\n\n<p><strong>Brenda Caballero<\/strong><br><\/p>\n\n\n\n<p>Ya lo hab\u00eda adelantado hace m\u00e1s de un a\u00f1o el Presidente Andr\u00e9s Manuel L\u00f3pez Obrador: \u201cM\u00e9xico necesita una reforma fiscal para lograr m\u00e1s presupuesto p\u00fablico\u201d, pero todo indica que no ser\u00e1 aumentando impuestos, pues hacerlo ser\u00eda una medida antipopular que definitivamente le pegar\u00eda a la 4T, por lo que la apuesta ser\u00e1 incrementar la base de los contribuyentes hasta en un 30% m\u00e1s; es decir, buscando aquellos sectores que no aportan ni un peso al Fisco y sin embargo ingresan dinero a sus bolsillos. Para ello, el Presidente le quiere agregar un ingrediente esencial: la confianza.&nbsp;<\/p>\n\n\n\n<p>Recordemos que ya en enero de 2020 se public\u00f3 en el Diario Oficial de la Federaci\u00f3n la Ley de Fomento a la Confianza Ciudadana que cre\u00f3 un padr\u00f3n \u00fanico de beneficiarios que se encuentran al corriente de sus obligaciones regulatorias y fiscales, a los cuales la Secretar\u00eda de Econom\u00eda les sustituy\u00f3 las revisiones realizadas por inspectores y dependencias federales y adem\u00e1s, dentro de los beneficios, pueden acceder a programas de apoyo y asesor\u00eda, pero sobre todo, recibir un reconocimiento del Presidente de la Rep\u00fablica.<\/p>\n\n\n\n<p>Siguiendo con esa misma estrategia de fomento a la confianza ciudadana como parte del Paquete Econ\u00f3mico 2022, la Secretar\u00eda de Hacienda y Cr\u00e9dito P\u00fablico propuso al Congreso de la Uni\u00f3n la creaci\u00f3n de un nuevo r\u00e9gimen tributario que facilitar\u00e1 el pago de los impuestos en M\u00e9xico denominado: R\u00e9gimen Simplificado de Confianza, que de ser aprobado por los legisladores, comenzar\u00e1 su operaci\u00f3n a partir del primero de enero de 2022.&nbsp;<\/p>\n\n\n\n<p>Seguramente as\u00ed ser\u00e1, ya que la 4T aparte de tener una aplanadora en el Congreso Federal, ha manifestado que \u201cConfiar en el ciudadano, ayuda a construir comunidad y fortalecer la Confianza en el Gobierno\u201d.<\/p>\n\n\n\n<p>La misma Raquel Buenrostro, jefa del Servicio de Administraci\u00f3n Tributaria, ha declarado que ser\u00e1 un r\u00e9gimen que beneficiar\u00e1 al 82% de las personas f\u00edsicas, pues podr\u00e1n recurrir a \u00e9l los contribuyentes con ingresos de hasta 3.5 millones de pesos al a\u00f1o.<\/p>\n\n\n\n<p>La iniciativa, que beneficiar\u00e1 a las personas f\u00edsicas que se dedican a actividades empresariales, presten servicios o que otorguen el uso o goce temporal de bienes, cita que los pagos que har\u00e1n los contribuyentes ser\u00e1n mensuales a m\u00e1s tardar el d\u00eda 17 de cada mes.<\/p>\n\n\n\n<p>Para que puedan tributar en este r\u00e9gimen deber\u00e1n cubrir ciertos requisitos como son: Estar dado de alta en el SAT, tener e-firma, habilitar su buz\u00f3n tributario, expedir comprobantes fiscales digitales por internet globales o a sus clientes, as\u00ed como solicitar y conservar sus comprobantes de gastos e inversiones.<\/p>\n\n\n\n<p>Una vez en el r\u00e9gimen, para realizar su pago mensual, los contribuyentes sumar\u00e1n sus ingresos cobrados sin considerar el IVA y sin aplicar ninguna deducci\u00f3n y le aplicar\u00e1n una tasa impositiva de acuerdo a la suma total.<\/p>\n\n\n\n<p>Para&nbsp; los que ganen hasta 25 mil pesos mensuales, la tasa que aplicar\u00e1n ser\u00e1 del 1%; para los que tengan ingresos hasta de 50 mil, lo multiplicar\u00e1n&nbsp; por una tasa de 1.10%; hasta 83 mil 333 pesos con 33 centavos, corresponde una tasa de 1.50 %; hasta 208 mil 333 pesos con 33 centavos, tocar\u00e1 una tasa del 2%, mientras para los que tengan ingresos de 3 millones 500 mil pesos, la tasa correspondiente ser\u00e1 de 2.50 por ciento.<\/p>\n\n\n\n<p>\u00bfA poco no suena tentador? Pero a\u00fan hay m\u00e1s, porque no estar\u00e1n obligados a llevar contabilidad electr\u00f3nica ni presentar declaraciones informativas.<\/p>\n\n\n\n<p>El r\u00e9gimen tambi\u00e9n beneficiar\u00e1 al 96% de las personas morales que cobren hasta 35 millones de pesos al a\u00f1o. Y al igual que las personas f\u00edsicas, su impuesto a pagar ser\u00e1 con base en sus ingresos cobrados por la tasa impositiva correspondiente.&nbsp;<\/p>\n\n\n\n<p>Se dice que ser\u00e1 tan f\u00e1cil declarar, que ya no se necesitar\u00e1n los servicios de un contador. \u00bfSer\u00e1?<\/p>\n\n\n\n<p>\u00bfPero por qu\u00e9 un nuevo r\u00e9gimen? Aparte de promover la activaci\u00f3n econ\u00f3mica, motivar a la integraci\u00f3n de la econom\u00eda informal, facilitar el pago de los impuestos con un esquema simplificado, desincentivar a las factureras y la simulaci\u00f3n, incrementar la inversi\u00f3n e impulsar la competitividad, Raquel Buenrostro refiere que es parte de una justicia tributaria, pues actualmente los grandes contribuyentes pagan mucho menos impuestos que las personas f\u00edsicas y morales peque\u00f1as, situaci\u00f3n que desmotiva el cumplimiento fiscal.&nbsp;<\/p>\n\n\n\n<p>La oferta suena muy atractiva para los que pagamos impuestos, pero \u00bffuncionar\u00e1 este R\u00e9gimen para lo que pretende el Presidente? \u00bfLe alcanzar\u00e1 para cubrir sus programas sociales y sus obras proyectadas?<\/p>\n\n\n\n<p>@NumerosRojos_BC<\/p>\n\n\n\n<p><a href=\"mailto:caballero_brenda@hotmail.com\" target=\"_blank\" rel=\"noreferrer noopener\">caballero_brenda@hotmail.com<\/a><\/p>\n","protected":false},"excerpt":{"rendered":"<p>N\u00fameros Rojos Brenda Caballero Ya lo hab\u00eda adelantado hace m\u00e1s de un a\u00f1o el Presidente Andr\u00e9s Manuel L\u00f3pez Obrador: \u201cM\u00e9xico necesita una reforma fiscal para lograr m\u00e1s presupuesto p\u00fablico\u201d, pero todo indica que no ser\u00e1 aumentando impuestos, pues hacerlo ser\u00eda una medida antipopular que definitivamente le pegar\u00eda a la 4T, por lo que la apuesta [&hellip;]<\/p>\n","protected":false},"author":1,"featured_media":387,"comment_status":"open","ping_status":"open","sticky":false,"template":"","format":"standard","meta":{"_jetpack_memberships_contains_paid_content":false,"footnotes":""},"categories":[11],"tags":[],"class_list":["post-18739","post","type-post","status-publish","format-standard","has-post-thumbnail","hentry","category-opinion"],"jetpack_featured_media_url":"https:\/\/encuentroinformativo.com.mx\/wp-content\/uploads\/2020\/03\/7CF8A22B-2764-47BE-8F7F-38FE9E5D6A2F.jpeg","jetpack_sharing_enabled":true,"jetpack_likes_enabled":true,"amp_enabled":true,"_links":{"self":[{"href":"https:\/\/encuentroinformativo.com.mx\/index.php?rest_route=\/wp\/v2\/posts\/18739","targetHints":{"allow":["GET"]}}],"collection":[{"href":"https:\/\/encuentroinformativo.com.mx\/index.php?rest_route=\/wp\/v2\/posts"}],"about":[{"href":"https:\/\/encuentroinformativo.com.mx\/index.php?rest_route=\/wp\/v2\/types\/post"}],"author":[{"embeddable":true,"href":"https:\/\/encuentroinformativo.com.mx\/index.php?rest_route=\/wp\/v2\/users\/1"}],"replies":[{"embeddable":true,"href":"https:\/\/encuentroinformativo.com.mx\/index.php?rest_route=%2Fwp%2Fv2%2Fcomments&post=18739"}],"version-history":[{"count":1,"href":"https:\/\/encuentroinformativo.com.mx\/index.php?rest_route=\/wp\/v2\/posts\/18739\/revisions"}],"predecessor-version":[{"id":18740,"href":"https:\/\/encuentroinformativo.com.mx\/index.php?rest_route=\/wp\/v2\/posts\/18739\/revisions\/18740"}],"wp:featuredmedia":[{"embeddable":true,"href":"https:\/\/encuentroinformativo.com.mx\/index.php?rest_route=\/wp\/v2\/media\/387"}],"wp:attachment":[{"href":"https:\/\/encuentroinformativo.com.mx\/index.php?rest_route=%2Fwp%2Fv2%2Fmedia&parent=18739"}],"wp:term":[{"taxonomy":"category","embeddable":true,"href":"https:\/\/encuentroinformativo.com.mx\/index.php?rest_route=%2Fwp%2Fv2%2Fcategories&post=18739"},{"taxonomy":"post_tag","embeddable":true,"href":"https:\/\/encuentroinformativo.com.mx\/index.php?rest_route=%2Fwp%2Fv2%2Ftags&post=18739"}],"curies":[{"name":"wp","href":"https:\/\/api.w.org\/{rel}","templated":true}]}}