{"id":18745,"date":"2021-09-25T16:36:54","date_gmt":"2021-09-25T21:36:54","guid":{"rendered":"https:\/\/encuentroinformativo.com.mx\/?p=18745"},"modified":"2021-09-25T16:36:58","modified_gmt":"2021-09-25T21:36:58","slug":"morena-mantendra-alianzas-en-el-congreso-esteban-ramirez","status":"publish","type":"post","link":"https:\/\/encuentroinformativo.com.mx\/?p=18745","title":{"rendered":"Morena mantendr\u00e1 alianzas en el Congreso: Esteban Ram\u00edrez"},"content":{"rendered":"\n<p><strong>Dar\u00edo Pale<\/strong><\/p>\n\n\n\n<p>Xalapa, Ver.- Se mantendr\u00e1 la alianza con los partidos Verde Ecologista de M\u00e9xico (PVEM) y del Trabajo (PT) en la pr\u00f3xima legislatura del Congreso del Estado, as\u00ed lo dio a conocer el secretario general con funciones de presidente del partido Movimiento de Regeneraci\u00f3n Nacional (Morena) en Veracruz, Esteban Ram\u00edrez Zepeta.<\/p>\n\n\n\n<p>Entrevistado posterior a la guardia de honor en el parque de Los Berros se\u00f1al\u00f3 que, &#8220;se va a buscar que se le logren los acuerdos necesarios para sacar toda la agenda que se necesita para llegar a la cuarta transformaci\u00f3n en veracruz. Vamos a consolidar al t\u00e9rmino de este sexenio la cuarta transformaci\u00f3n y adem\u00e1s la vamos a continuar&#8221;.<\/p>\n\n\n\n<p>Dio a conocer que Morena seguir\u00e1 &#8220;apoy\u00e1ndose&#8221; de los partidos pol\u00edticos que respalden la Cuarta Transformaci\u00f3n de M\u00e9xico encabezada por el Presidente Andr\u00e9s Manuel L\u00f3pez Obrador; sin embargo, las alianzas electorales para los pr\u00f3ximos comicios que se celebren en Veracruz depender\u00e1n de la dirigencia nacional.<\/p>\n\n\n\n<p>&#8220;Siempre he estado platicando con las dirigencias, con la dirigencia del verde, del PT, hemos estado trabajando fuerte para mantener esta alianza, la transformaci\u00f3n de M\u00e9xico se necesita que todos y todas nos involucremos para que podamos seguir con lo que necesita el pueblo de M\u00e9xico&#8221;, se\u00f1al\u00f3.<\/p>\n\n\n\n<p>Finalmente respecto a las diputaciones plurinominales, dijo que es el Organismo P\u00fablico Local Electoral quien definir\u00e1 las asignaciones bajo ese y otros criterios como la paridad de g\u00e9nero, aunque confirm\u00f3 que como pluri entrar\u00e1 el diputado Juan Javier G\u00f3mez Cazar\u00edn.<\/p>\n","protected":false},"excerpt":{"rendered":"<p>Dar\u00edo Pale Xalapa, Ver.- Se mantendr\u00e1 la alianza con los partidos Verde Ecologista de M\u00e9xico (PVEM) y del Trabajo (PT) en la pr\u00f3xima legislatura del Congreso del Estado, as\u00ed lo dio a conocer el secretario general con funciones de presidente del partido Movimiento de Regeneraci\u00f3n Nacional (Morena) en Veracruz, Esteban Ram\u00edrez Zepeta. Entrevistado posterior a [&hellip;]<\/p>\n","protected":false},"author":1,"featured_media":18746,"comment_status":"open","ping_status":"open","sticky":false,"template":"","format":"standard","meta":{"_jetpack_memberships_contains_paid_content":false,"footnotes":""},"categories":[2],"tags":[],"class_list":["post-18745","post","type-post","status-publish","format-standard","has-post-thumbnail","hentry","category-estado"],"jetpack_featured_media_url":"https:\/\/encuentroinformativo.com.mx\/wp-content\/uploads\/2021\/09\/C239DF41-B166-4E30-A2C6-F20687C51D33.jpeg","jetpack_sharing_enabled":true,"jetpack_likes_enabled":true,"amp_enabled":true,"_links":{"self":[{"href":"https:\/\/encuentroinformativo.com.mx\/index.php?rest_route=\/wp\/v2\/posts\/18745","targetHints":{"allow":["GET"]}}],"collection":[{"href":"https:\/\/encuentroinformativo.com.mx\/index.php?rest_route=\/wp\/v2\/posts"}],"about":[{"href":"https:\/\/encuentroinformativo.com.mx\/index.php?rest_route=\/wp\/v2\/types\/post"}],"author":[{"embeddable":true,"href":"https:\/\/encuentroinformativo.com.mx\/index.php?rest_route=\/wp\/v2\/users\/1"}],"replies":[{"embeddable":true,"href":"https:\/\/encuentroinformativo.com.mx\/index.php?rest_route=%2Fwp%2Fv2%2Fcomments&post=18745"}],"version-history":[{"count":1,"href":"https:\/\/encuentroinformativo.com.mx\/index.php?rest_route=\/wp\/v2\/posts\/18745\/revisions"}],"predecessor-version":[{"id":18747,"href":"https:\/\/encuentroinformativo.com.mx\/index.php?rest_route=\/wp\/v2\/posts\/18745\/revisions\/18747"}],"wp:featuredmedia":[{"embeddable":true,"href":"https:\/\/encuentroinformativo.com.mx\/index.php?rest_route=\/wp\/v2\/media\/18746"}],"wp:attachment":[{"href":"https:\/\/encuentroinformativo.com.mx\/index.php?rest_route=%2Fwp%2Fv2%2Fmedia&parent=18745"}],"wp:term":[{"taxonomy":"category","embeddable":true,"href":"https:\/\/encuentroinformativo.com.mx\/index.php?rest_route=%2Fwp%2Fv2%2Fcategories&post=18745"},{"taxonomy":"post_tag","embeddable":true,"href":"https:\/\/encuentroinformativo.com.mx\/index.php?rest_route=%2Fwp%2Fv2%2Ftags&post=18745"}],"curies":[{"name":"wp","href":"https:\/\/api.w.org\/{rel}","templated":true}]}}