{"id":1876,"date":"2020-04-15T17:07:31","date_gmt":"2020-04-15T22:07:31","guid":{"rendered":"https:\/\/encuentroinformativo.com\/?p=1876"},"modified":"2020-04-16T00:50:03","modified_gmt":"2020-04-16T05:50:03","slug":"aprovechan-la-pandemia-para-hacer-politiqueria-cuitlahuac","status":"publish","type":"post","link":"https:\/\/encuentroinformativo.com.mx\/?p=1876","title":{"rendered":"APROVECHAN LA PANDEMIA PARA HACER POLITIQUER\u00cdA: CUITL\u00c1HUAC"},"content":{"rendered":"\n<ul class=\"wp-block-list\"><li>Asesinan a regidora del PRD.<\/li><li>Confirman 5 muertos en Veracruz por COVID19.<\/li><li>ONU condena asesinato de activista en Actopan.<\/li><\/ul>\n\n\n\n<p>M\u00e9xico, el pa\u00eds que defiende a un mediocre comediante y arg\u00fcendero que busca reflectores en plena pandemia<br>\n&#8211;Chopenjawer<\/p>\n\n\n\n<p>El gobernador Cuitl\u00e1huac Garc\u00eda Jim\u00e9nez retom\u00f3 la palestra este martes para hacer defensa del pacto fiscal de los estados como federaci\u00f3n.<\/p>\n\n\n\n<p>Lo anterior, como respuesta a los gobernadores de Nuevo Le\u00f3n (sin partido), Jalisco (Movimiento Ciudadano), Coahuila (PRI) y Tamaulipas (PAN) que han expresado sus intenciones para abandonar el pacto fiscal con la federaci\u00f3n por considerar que no se est\u00e1n repartiendo equitativamente los recursos a las entidades pese a lo aportado por estas.<\/p>\n\n\n\n<p>En bolet\u00edn enviado por el Gobierno de Veracruz, expresa claramente su postura: &#8220;En coincidencia con los gobernadores de Chiapas, Tabasco, Puebla y la Jefa de Gobierno de la Ciudad De M\u00e9xico, el Gobierno de Veracruz expresa su respaldo al pacto fiscal como est\u00e1 actualmente y con ello fortalece la unidad en torno a la estrategia del Gobierno Federal ante el evento epidemiol\u00f3gico que atravesamos&#8221;.<\/p>\n\n\n\n<p>Pero el mensaje pol\u00edtico m\u00e1s claro lo dio el propio gobernador: &#8220;Nosotros no vamos a aprovechar estos momentos en que debemos estar unidos para meter la politiquer\u00eda por delante&#8221;.<\/p>\n\n\n\n<p>La frase tambi\u00e9n tiene como fondo, obvio, el respaldo al presidente Andr\u00e9s Manuel L\u00f3pez Obrador\u2026 y en un momento muy necesario.<\/p>\n\n\n\n<p>Algo que la 4T parece resistirse a imitar a los antiguos reg\u00edmenes (aunque ya tienen rolita tipo &#8220;Solidaridad&#8221; y toda la cosa), es el cerrar filas en torno a sus l\u00edderes y gobernantes. Esa disciplina que se aprendi\u00f3 en tiempos del priato y que demostraba la fortaleza del otrora poderoso partido de estado que hoy es apenas un remedo de lo que era ayer.<\/p>\n\n\n\n<p>Parece que muchos alcaldes, legisladores, y dem\u00e1s representantes populares (adem\u00e1s de muchos l\u00edderes de partido) se olvidaron del activismo que hizo crecer a MORENA en poco tiempo una vez que llegaron a la comodidad de la burocracia.<\/p>\n\n\n\n<p>Si seguimos la l\u00ednea de que los ataques de la oposici\u00f3n est\u00e1n bien coordinados y existen grupos que efectivamente se ponen de acuerdo para hacer una campa\u00f1a negra contra la Cuarta Transformaci\u00f3n (sumados quienes les hacen el caldo gordo), entonces los que deber\u00edan responder y defender el proyecto m\u00e1s all\u00e1 de las benditas redes sociales, deber\u00edan ser los m\u00e1s beneficiados por haber llegado al poder gracias al impulso y liderazgo de L\u00f3pez Obrador.<\/p>\n\n\n\n<p>Pero teniendo todo el escenario a favor &#8211;t\u00edpico de la izquierda&#8211; cada quien jala para su lado, hace cr\u00edticas que debilitan internamente, dan patadas bajo la mesa, lanzan fuego amigo, buscan cotos de poder que derivan en las famosas &#8220;tribus&#8221; y finalmente terminan por despedazarse como ocurri\u00f3 en lo que queda del PRD.<\/p>\n\n\n\n<p>Es por eso la importancia del mensaje de Cuitl\u00e1huac Garc\u00eda Jim\u00e9nez, que m\u00e1s all\u00e1 de la jalada de sus hom\u00f3logos amedrentando que abandonar\u00edan el pacto fiscal (expertos hablan de que ser\u00eda muy contraproducente para esos estados, porque tendr\u00edan que, entre otras medidas, aplicar nuevos impuestos), es tambi\u00e9n darle un fuerte respaldo a L\u00f3pez Obrador por parte de las entidades gobernadas por MORENA.<\/p>\n\n\n\n<p>Dejando de lado la politiquer\u00eda, como dice el gober Kuitlawak, hay quienes opinan que s\u00ed cabr\u00eda la revisi\u00f3n e incluso hasta su reforma para analizar y as\u00ed permitir una mejor distribuci\u00f3n de los ingresos para que se impulse a la econom\u00eda.<\/p>\n\n\n\n<p>&#8220;Aunque la salida es poco conveniente, citar a una Convenci\u00f3n Nacional Hacendaria para revisar y reformar el pacto fiscal es necesario, pues data de 1978 y por lo tanto, dista mucho de las necesidades actuales&#8221;, destaca una nota del diario Reforma que entrevist\u00f3 a expertos.<\/p>\n\n\n\n<p>&#8220;Un cambio no solamente del convenio, sino de todo el sistema fiscal mexicano, porque si bien es cierto somos un pa\u00eds en teor\u00eda federal, realmente no, realmente ha sido muy centralista y el presupuesto se decide en la Ciudad de M\u00e9xico y hasta ah\u00ed. Yo creo que es un momento oportuno y una coyuntura para poder sentarse a la mesa y discutir&#8221; abund\u00f3 el fiscalista Omar Sandoval, seg\u00fan la nota de dicho diario titulada &#8220;Urgen a reformar el pacto fiscal&#8221;.<\/p>\n\n\n\n<p>El tema es que s\u00ed se ve un obvio oportunismo de los mandatarios de oposici\u00f3n empecinados en hacerse notar, especialmente el de Jalisco, donde la tierra es colorada\u2026 pero de verg\u00fcenza\u2026 porque tiene de los primeros lugares en COVID, al igual que Nuevo Le\u00f3n.<\/p>\n\n\n\n<p><strong>NOTA PARA PEGAR EN EL REFRI:<\/strong> Este martes fue encontrado el cuerpo de Mar\u00eda del Carmen Hern\u00e1ndez Teodoro, regidora \u00fanica del Ayuntamiento de Texcatepec, al norte del Estado. Su cuerpo y el de un hombre identificado como Herlido A. Acosta, presentaban varios impactos de bala; ambos se encontraban al interior de una camioneta. La regidora era militante del PRD y no se conoc\u00eda ninguna amenaza a su persona. De este asunto, ni una postura oficial.<\/p>\n\n\n\n<p><strong>OTRA NOTA:<\/strong> Confirma la Secretar\u00eda de Salud del Gobierno de Veracruz dos muertes m\u00e1s por COVID19 en la entidad: fueron en Coatzacoalcos y Alvarado, por lo que subieron a 5 los fallecidos en la entidad, sum\u00e1ndose a las defunciones en Tlacotalpan, Emiliano Zapata y Poza Rica.<\/p>\n\n\n\n<p><strong>LA \u00daLTIMA PORQUE YA LA BANDA ANDA PREOCUPADA EN COATEPEC:<\/strong> La Oficina en M\u00e9xico del Alto Comisionado de Naciones Unidas para los Derechos Humanos (ONU-DH) conden\u00f3 el asesinato del defensor ambiental Ad\u00e1n Vez Lira, ocurrido el 8 de abril de 2020 en la comunidad de La Mancha, municipio de Actopan: &#8220;Ad\u00e1n Vez Lira era un reconocido activista ambiental cuya voz y liderazgo hab\u00edan destacado en diferentes procesos en defensa del medio ambiente en Actopan. Las actividades de conservaci\u00f3n en las que el se\u00f1or Vez Lira participaba junto con otras personas de la zona hab\u00edan sido reconocidas a nivel nacional como buenas pr\u00e1cticas de manejo ambiental&#8221;, expres\u00f3 en bolet\u00edn.<br><\/p>\n\n\n\n<p><strong> @pablojair<\/strong><\/p>\n","protected":false},"excerpt":{"rendered":"<p>Asesinan a regidora del PRD. Confirman 5 muertos en Veracruz por COVID19. ONU condena asesinato de activista en Actopan. M\u00e9xico, el pa\u00eds que defiende a un mediocre comediante y arg\u00fcendero que busca reflectores en plena pandemia &#8211;Chopenjawer El gobernador Cuitl\u00e1huac Garc\u00eda Jim\u00e9nez retom\u00f3 la palestra este martes para hacer defensa del pacto fiscal de los [&hellip;]<\/p>\n","protected":false},"author":1,"featured_media":488,"comment_status":"open","ping_status":"open","sticky":false,"template":"","format":"standard","meta":{"_jetpack_memberships_contains_paid_content":false,"footnotes":""},"categories":[11],"tags":[],"class_list":["post-1876","post","type-post","status-publish","format-standard","has-post-thumbnail","hentry","category-opinion"],"jetpack_featured_media_url":"https:\/\/encuentroinformativo.com.mx\/wp-content\/uploads\/2020\/03\/F471F608-BA1A-416B-BA7B-BCFB24F4E6D0.jpeg","jetpack_sharing_enabled":true,"jetpack_likes_enabled":true,"amp_enabled":true,"_links":{"self":[{"href":"https:\/\/encuentroinformativo.com.mx\/index.php?rest_route=\/wp\/v2\/posts\/1876","targetHints":{"allow":["GET"]}}],"collection":[{"href":"https:\/\/encuentroinformativo.com.mx\/index.php?rest_route=\/wp\/v2\/posts"}],"about":[{"href":"https:\/\/encuentroinformativo.com.mx\/index.php?rest_route=\/wp\/v2\/types\/post"}],"author":[{"embeddable":true,"href":"https:\/\/encuentroinformativo.com.mx\/index.php?rest_route=\/wp\/v2\/users\/1"}],"replies":[{"embeddable":true,"href":"https:\/\/encuentroinformativo.com.mx\/index.php?rest_route=%2Fwp%2Fv2%2Fcomments&post=1876"}],"version-history":[{"count":1,"href":"https:\/\/encuentroinformativo.com.mx\/index.php?rest_route=\/wp\/v2\/posts\/1876\/revisions"}],"predecessor-version":[{"id":1877,"href":"https:\/\/encuentroinformativo.com.mx\/index.php?rest_route=\/wp\/v2\/posts\/1876\/revisions\/1877"}],"wp:featuredmedia":[{"embeddable":true,"href":"https:\/\/encuentroinformativo.com.mx\/index.php?rest_route=\/wp\/v2\/media\/488"}],"wp:attachment":[{"href":"https:\/\/encuentroinformativo.com.mx\/index.php?rest_route=%2Fwp%2Fv2%2Fmedia&parent=1876"}],"wp:term":[{"taxonomy":"category","embeddable":true,"href":"https:\/\/encuentroinformativo.com.mx\/index.php?rest_route=%2Fwp%2Fv2%2Fcategories&post=1876"},{"taxonomy":"post_tag","embeddable":true,"href":"https:\/\/encuentroinformativo.com.mx\/index.php?rest_route=%2Fwp%2Fv2%2Ftags&post=1876"}],"curies":[{"name":"wp","href":"https:\/\/api.w.org\/{rel}","templated":true}]}}