{"id":18760,"date":"2021-09-26T17:05:29","date_gmt":"2021-09-26T22:05:29","guid":{"rendered":"https:\/\/encuentroinformativo.com.mx\/?p=18760"},"modified":"2021-09-26T17:05:33","modified_gmt":"2021-09-26T22:05:33","slug":"promueven-grupos-provida-marcha-en-todo-el-pais","status":"publish","type":"post","link":"https:\/\/encuentroinformativo.com.mx\/?p=18760","title":{"rendered":"Promueven grupos Provida marcha en todo el pa\u00eds"},"content":{"rendered":"\n<p><strong>Juan Arcos<\/strong><\/p>\n\n\n\n<p>Xalapa, Ver.- Grupos provida marchar\u00e1n el pr\u00f3ximo domingo 3 de octubre en diversos puntos del pa\u00eds para proponer un acuerdo nacional para proteger a la mujer y la vida de todos los mexicanos desde su concepci\u00f3n hasta su muerte natural.<\/p>\n\n\n\n<p>\u201cLas recientes resoluciones de la Suprema Corte de Justicia, nos motivan a lanzar un compromiso de todos los mexicanos, de la comunidad acad\u00e9mica, de los partidos pol\u00edticos, de los funcionarios p\u00fablicos, de las religiones, de las organizaciones civiles y de la sociedad en general, para garantizar la protecci\u00f3n de las mujeres en toda circunstancia, y que respete igualmente el derecho humano a la vida tanto de la madre como del concebido a\u00fan no nacido\u201d, afirm\u00f3 Alejandra Y\u00e1\u00f1ez Rubio, licenciada en derecho y una de las organizadoras y vocera de la marcha.<\/p>\n\n\n\n<p>La marcha nacional \u201cA Favor de la Mujer y de la Vida\u201d se llevar\u00e1 a cabo a las 11:00 horas, partiendo del auditorio Nacional y llegando al \u00c1ngel de la independencia, donde se realizar\u00e1n diversos pronunciamientos.\u00a0<\/p>\n\n\n\n<p>Habr\u00e1 marchas locales en m\u00e1s de 20 ciudades del pa\u00eds el mismo d\u00eda y con el mismo objetivo. Se trata de una marcha nacional, pac\u00edfica y ordenada en la que participar\u00e1n muchas familias y ni\u00f1os.&nbsp;<\/p>\n\n\n\n<p>El evento se llevar\u00e1 a cabo invitando a los presentes a tomar todas las precauciones necesarias para evitar contagios de COVID-19, tales como el uso de cubrebocas y la sana distancia.<\/p>\n\n\n\n<p>Habr\u00e1 gente de todos los estratos de la sociedad para pedir al Estado mexicano y a la sociedad en general que busque y ofrezca a la mujer embarazada protecci\u00f3n, seguridad, apoyos y desde luego que no las empujen al aborto, en resumen, que no claudique a su responsabilidad de proteger a todas las mexicanas plenamente antes y despu\u00e9s de su nacimiento.<\/p>\n\n\n\n<p>A partir del pr\u00f3ximo domingo se iniciar\u00e1 un di\u00e1logo nacional del que emanar\u00e1n propuestas para implementar pol\u00edticas p\u00fablicas concretas de apoyo a la mujer y a la vida, como apoyo y protecci\u00f3n a la mujer embarazada, seguros, atenci\u00f3n m\u00e9dica y trabajo.<\/p>\n\n\n\n<p>\u201cNos rehusamos a pensar que terminar con una vida humana va a resolver los problemas sociales, queremos opciones de vida y libertad para la mujer mexicana\u201d, explic\u00f3 la activista Irma Barrientos.<\/p>\n","protected":false},"excerpt":{"rendered":"<p>Juan Arcos Xalapa, Ver.- Grupos provida marchar\u00e1n el pr\u00f3ximo domingo 3 de octubre en diversos puntos del pa\u00eds para proponer un acuerdo nacional para proteger a la mujer y la vida de todos los mexicanos desde su concepci\u00f3n hasta su muerte natural. \u201cLas recientes resoluciones de la Suprema Corte de Justicia, nos motivan a lanzar [&hellip;]<\/p>\n","protected":false},"author":1,"featured_media":18761,"comment_status":"open","ping_status":"open","sticky":false,"template":"","format":"standard","meta":{"_jetpack_memberships_contains_paid_content":false,"footnotes":""},"categories":[3],"tags":[],"class_list":["post-18760","post","type-post","status-publish","format-standard","has-post-thumbnail","hentry","category-xalapa"],"jetpack_featured_media_url":"https:\/\/encuentroinformativo.com.mx\/wp-content\/uploads\/2021\/09\/5BE7D3B3-C97C-4379-960D-879D8A82AD8B.jpeg","jetpack_sharing_enabled":true,"jetpack_likes_enabled":true,"amp_enabled":true,"_links":{"self":[{"href":"https:\/\/encuentroinformativo.com.mx\/index.php?rest_route=\/wp\/v2\/posts\/18760","targetHints":{"allow":["GET"]}}],"collection":[{"href":"https:\/\/encuentroinformativo.com.mx\/index.php?rest_route=\/wp\/v2\/posts"}],"about":[{"href":"https:\/\/encuentroinformativo.com.mx\/index.php?rest_route=\/wp\/v2\/types\/post"}],"author":[{"embeddable":true,"href":"https:\/\/encuentroinformativo.com.mx\/index.php?rest_route=\/wp\/v2\/users\/1"}],"replies":[{"embeddable":true,"href":"https:\/\/encuentroinformativo.com.mx\/index.php?rest_route=%2Fwp%2Fv2%2Fcomments&post=18760"}],"version-history":[{"count":1,"href":"https:\/\/encuentroinformativo.com.mx\/index.php?rest_route=\/wp\/v2\/posts\/18760\/revisions"}],"predecessor-version":[{"id":18762,"href":"https:\/\/encuentroinformativo.com.mx\/index.php?rest_route=\/wp\/v2\/posts\/18760\/revisions\/18762"}],"wp:featuredmedia":[{"embeddable":true,"href":"https:\/\/encuentroinformativo.com.mx\/index.php?rest_route=\/wp\/v2\/media\/18761"}],"wp:attachment":[{"href":"https:\/\/encuentroinformativo.com.mx\/index.php?rest_route=%2Fwp%2Fv2%2Fmedia&parent=18760"}],"wp:term":[{"taxonomy":"category","embeddable":true,"href":"https:\/\/encuentroinformativo.com.mx\/index.php?rest_route=%2Fwp%2Fv2%2Fcategories&post=18760"},{"taxonomy":"post_tag","embeddable":true,"href":"https:\/\/encuentroinformativo.com.mx\/index.php?rest_route=%2Fwp%2Fv2%2Ftags&post=18760"}],"curies":[{"name":"wp","href":"https:\/\/api.w.org\/{rel}","templated":true}]}}