{"id":18767,"date":"2021-09-26T19:37:15","date_gmt":"2021-09-27T00:37:15","guid":{"rendered":"https:\/\/encuentroinformativo.com.mx\/?p=18767"},"modified":"2021-09-26T19:37:19","modified_gmt":"2021-09-27T00:37:19","slug":"se-registra-fuerte-carambola-sobre-la-xalapa-coatepec","status":"publish","type":"post","link":"https:\/\/encuentroinformativo.com.mx\/?p=18767","title":{"rendered":"Se registra fuerte carambola sobre la Xalapa-Coatepec"},"content":{"rendered":"\n<p><strong>Juan Arcos<\/strong><\/p>\n\n\n\n<p>Xalapa, Ver.- Al menos 10 veh\u00edculos ocasionaron una carambola sobre el bulevar Xalapa-Coatepec, con direcci\u00f3n a la capital del estado, la tarde de este domingo 26 de septiembre.<\/p>\n\n\n\n<p>Los hechos ocurrieron a la altura de la comunidad Los Arenales, en la zona de moteles, a pocos metros del tope, tramo que se encuentra cerrado.<\/p>\n\n\n\n<p>Bomberos de Coatepec, elementos de Tr\u00e1nsito del Estado y param\u00e9dicos se encuentran en el lugar valorando a los pasajeros y conductores por posibles lesiones.<\/p>\n\n\n\n<p>En el sitio han sido constantes los operativos carrusel y radar por parte de elementos de Tr\u00e1nsito, con el prop\u00f3sito de que los conductores respeten la velocidad m\u00e1xima de 60 kil\u00f3metros por hora.<\/p>\n\n\n\n<p>Despu\u00e9s de este incidente, se registr\u00f3 otro choque por alcance, a la altura del r\u00edo Sordo, con direcci\u00f3n hacia Coatepec, pese a la presencia de los elementos de Tr\u00e1nsito.<\/p>\n\n\n\n<p>La carretera que comunica a estos dos municipios en la zona monta\u00f1osa fue bautizada por pobladores como \u201cpista de hielo\u201d, ya que cuando llueve o se hace presente una ligera llovizna el pavimento es resbaloso.&nbsp;<\/p>\n\n\n\n<p>Autoridades de la Direcci\u00f3n General de Tr\u00e1nsito y Seguridad Vial se\u00f1alaron que entre las causas de acciones se encuentran el exceso de velocidad y la falta de habilidades de manejo.<\/p>\n\n\n\n<p>En la misma carretera, pero en direcci\u00f3n al Pueblo M\u00e1gico, hace un par de meses, una patrulla de la Secretar\u00eda de Seguridad P\u00fablica (SSP) volc\u00f3 con sus tripulantes al derrapar y salirse hacia un desnivel.<\/p>\n","protected":false},"excerpt":{"rendered":"<p>Juan Arcos Xalapa, Ver.- Al menos 10 veh\u00edculos ocasionaron una carambola sobre el bulevar Xalapa-Coatepec, con direcci\u00f3n a la capital del estado, la tarde de este domingo 26 de septiembre. Los hechos ocurrieron a la altura de la comunidad Los Arenales, en la zona de moteles, a pocos metros del tope, tramo que se encuentra [&hellip;]<\/p>\n","protected":false},"author":1,"featured_media":18768,"comment_status":"open","ping_status":"open","sticky":false,"template":"","format":"standard","meta":{"_jetpack_memberships_contains_paid_content":false,"footnotes":""},"categories":[8],"tags":[],"class_list":["post-18767","post","type-post","status-publish","format-standard","has-post-thumbnail","hentry","category-region"],"jetpack_featured_media_url":"https:\/\/encuentroinformativo.com.mx\/wp-content\/uploads\/2021\/09\/BF15D1CA-2721-4649-8EBE-520E44CD932F.jpeg","jetpack_sharing_enabled":true,"jetpack_likes_enabled":true,"amp_enabled":true,"_links":{"self":[{"href":"https:\/\/encuentroinformativo.com.mx\/index.php?rest_route=\/wp\/v2\/posts\/18767","targetHints":{"allow":["GET"]}}],"collection":[{"href":"https:\/\/encuentroinformativo.com.mx\/index.php?rest_route=\/wp\/v2\/posts"}],"about":[{"href":"https:\/\/encuentroinformativo.com.mx\/index.php?rest_route=\/wp\/v2\/types\/post"}],"author":[{"embeddable":true,"href":"https:\/\/encuentroinformativo.com.mx\/index.php?rest_route=\/wp\/v2\/users\/1"}],"replies":[{"embeddable":true,"href":"https:\/\/encuentroinformativo.com.mx\/index.php?rest_route=%2Fwp%2Fv2%2Fcomments&post=18767"}],"version-history":[{"count":1,"href":"https:\/\/encuentroinformativo.com.mx\/index.php?rest_route=\/wp\/v2\/posts\/18767\/revisions"}],"predecessor-version":[{"id":18769,"href":"https:\/\/encuentroinformativo.com.mx\/index.php?rest_route=\/wp\/v2\/posts\/18767\/revisions\/18769"}],"wp:featuredmedia":[{"embeddable":true,"href":"https:\/\/encuentroinformativo.com.mx\/index.php?rest_route=\/wp\/v2\/media\/18768"}],"wp:attachment":[{"href":"https:\/\/encuentroinformativo.com.mx\/index.php?rest_route=%2Fwp%2Fv2%2Fmedia&parent=18767"}],"wp:term":[{"taxonomy":"category","embeddable":true,"href":"https:\/\/encuentroinformativo.com.mx\/index.php?rest_route=%2Fwp%2Fv2%2Fcategories&post=18767"},{"taxonomy":"post_tag","embeddable":true,"href":"https:\/\/encuentroinformativo.com.mx\/index.php?rest_route=%2Fwp%2Fv2%2Ftags&post=18767"}],"curies":[{"name":"wp","href":"https:\/\/api.w.org\/{rel}","templated":true}]}}