{"id":18770,"date":"2021-09-27T09:54:43","date_gmt":"2021-09-27T14:54:43","guid":{"rendered":"https:\/\/encuentroinformativo.com.mx\/?p=18770"},"modified":"2021-09-27T09:54:47","modified_gmt":"2021-09-27T14:54:47","slug":"y-nos-callamos","status":"publish","type":"post","link":"https:\/\/encuentroinformativo.com.mx\/?p=18770","title":{"rendered":"\u00a1Y nos callamos!"},"content":{"rendered":"\n<p><strong>N\u00fameros Rojos<\/strong><\/p>\n\n\n\n<p><strong>Brenda Caballero<\/strong><\/p>\n\n\n\n<p>No vi ni escuch\u00e9 a las diputadas del Congreso local ni a las electas; tampoco a los aliados decir \u201c\u00a1Ya basta de violencia!\u201d ante la violaci\u00f3n de una mujer en Tlalixcoyan por 3 hombres. Mucho menos a las autoridades estatales que \u201cprotegen\u201d a las mujeres pronunciarse al respecto. S\u00f3lo unos cuantos medios que mencionaron el aberrante suceso. \u00a1Como si quisi\u00e9ramos minimizarlo! \u00a1Ocultarlo! \u00a1Callarlo!<\/p>\n\n\n\n<p>A trav\u00e9s de las redes sociales dieron a conocer el caso de una joven violada en su propia casa en la comunidad Mata Verde junto con fotos de \u201cdos presuntos culpables\u201d y una recompensa por ellos.&nbsp;<\/p>\n\n\n\n<p>A ciencia cierta se desconoce el origen de qui\u00e9n otorga la recompensa de 30 mil pesos y si las fotos de los dos varones que la acompa\u00f1an tienen que ver en la violaci\u00f3n de la joven o \u00fanicamente es \u201cun juicio a priori\u201d con riesgo de convertirse en un \u201clinchamiento medi\u00e1tico\u201d pues tampoco la Fiscal\u00eda del Estado ha dicho algo al respecto, abonando m\u00e1s al vac\u00edo de informaci\u00f3n y justicia.<\/p>\n\n\n\n<p>Monserrat se encuentra delicada en el hospital de Tlalixcoyan y ha sido la Colectiva Las Brujas del Mar la que ha dado a conocer a trav\u00e9s de redes sociales que tiene lesiones graves en la matriz y pulmones.<\/p>\n\n\n\n<p>La directora del \u00e1rea de Salud del DIF de Tlalixcoyan, Cecilia Vald\u00e9s Villalobos, manifest\u00f3 que desde que sucedieron los hechos (s\u00e1bado 18 de septiembre de 2021) se present\u00f3 la denuncia ante la Fiscal\u00eda y se apoy\u00f3 psicol\u00f3gicamente a Monserrat.<\/p>\n\n\n\n<p>Mientras llega la justicia para Monserrat, espero escuchar que la paridad que tenemos en los Congresos alce la voz y diga \u201c\u00a1Ya basta de violencia contra las Mujeres! \u00a1No callemos como momias!\u201d<\/p>\n\n\n\n<p>Jacky, v\u00edctima de violencia pol\u00edtica<\/p>\n\n\n\n<p>\u201cS\u00ed tengo miedo; me han dicho muchas cosas; me han pasado muchas cosas; balearon mi camioneta yendo mi hija y mi mam\u00e1 conmigo; han intentado entrar a la casa\u201d. \u00c9se fue el testimonio que dio a conocer Jacqueline Garc\u00eda Hern\u00e1ndez, Presidenta de Fuerza por M\u00e9xico en Veracruz en el Conversatorio No M\u00e1s Violencia Pol\u00edtica de G\u00e9nero.<\/p>\n\n\n\n<p>Ante una centena de mujeres, Jacqueline se\u00f1al\u00f3 directamente a Tato Vega Yunes, ex candidato a diputado federal, y a Pedro Haces Barba, l\u00edder de la CATEM, de lo que le suceda a su familia.<\/p>\n\n\n\n<p>En Veracruz, Jacky es actualmente la \u00fanica mujer al frente de un partido estatal despu\u00e9s de que Unidad Ciudadana perdiera el registro.<\/p>\n\n\n\n<p>Sus palabras ante las asistentes fue para pedirles hacer un frente femenino pues considera que ella es violentada pol\u00edticamente para quitarle la dirigencia estatal.<\/p>\n\n\n\n<p>A su lado, presente Edith Cervantes, ex candidata a diputada federal del Distrito XII por el Partido Fuerza por M\u00e9xico, quien se baj\u00f3 de la contienda electoral y declar\u00f3 que \u00fanicamente pretend\u00edan utilizarla como bandera por su trabajo de m\u00e1s de 20 a\u00f1os por las mujeres.<\/p>\n\n\n\n<p>\u00bfEn Veracruz, Fuerza por M\u00e9xico se convertir\u00e1 en el Partido de las Mujeres?&nbsp;<\/p>\n\n\n\n<p>@NumerosRojos_BC<\/p>\n\n\n\n<p><a href=\"mailto:caballero_brenda@hotmail.com\" target=\"_blank\" rel=\"noreferrer noopener\">caballero_brenda@hotmail.com<\/a><\/p>\n","protected":false},"excerpt":{"rendered":"<p>N\u00fameros Rojos Brenda Caballero No vi ni escuch\u00e9 a las diputadas del Congreso local ni a las electas; tampoco a los aliados decir \u201c\u00a1Ya basta de violencia!\u201d ante la violaci\u00f3n de una mujer en Tlalixcoyan por 3 hombres. Mucho menos a las autoridades estatales que \u201cprotegen\u201d a las mujeres pronunciarse al respecto. S\u00f3lo unos cuantos [&hellip;]<\/p>\n","protected":false},"author":1,"featured_media":387,"comment_status":"open","ping_status":"open","sticky":false,"template":"","format":"standard","meta":{"_jetpack_memberships_contains_paid_content":false,"footnotes":""},"categories":[11],"tags":[],"class_list":["post-18770","post","type-post","status-publish","format-standard","has-post-thumbnail","hentry","category-opinion"],"jetpack_featured_media_url":"https:\/\/encuentroinformativo.com.mx\/wp-content\/uploads\/2020\/03\/7CF8A22B-2764-47BE-8F7F-38FE9E5D6A2F.jpeg","jetpack_sharing_enabled":true,"jetpack_likes_enabled":true,"amp_enabled":true,"_links":{"self":[{"href":"https:\/\/encuentroinformativo.com.mx\/index.php?rest_route=\/wp\/v2\/posts\/18770","targetHints":{"allow":["GET"]}}],"collection":[{"href":"https:\/\/encuentroinformativo.com.mx\/index.php?rest_route=\/wp\/v2\/posts"}],"about":[{"href":"https:\/\/encuentroinformativo.com.mx\/index.php?rest_route=\/wp\/v2\/types\/post"}],"author":[{"embeddable":true,"href":"https:\/\/encuentroinformativo.com.mx\/index.php?rest_route=\/wp\/v2\/users\/1"}],"replies":[{"embeddable":true,"href":"https:\/\/encuentroinformativo.com.mx\/index.php?rest_route=%2Fwp%2Fv2%2Fcomments&post=18770"}],"version-history":[{"count":1,"href":"https:\/\/encuentroinformativo.com.mx\/index.php?rest_route=\/wp\/v2\/posts\/18770\/revisions"}],"predecessor-version":[{"id":18771,"href":"https:\/\/encuentroinformativo.com.mx\/index.php?rest_route=\/wp\/v2\/posts\/18770\/revisions\/18771"}],"wp:featuredmedia":[{"embeddable":true,"href":"https:\/\/encuentroinformativo.com.mx\/index.php?rest_route=\/wp\/v2\/media\/387"}],"wp:attachment":[{"href":"https:\/\/encuentroinformativo.com.mx\/index.php?rest_route=%2Fwp%2Fv2%2Fmedia&parent=18770"}],"wp:term":[{"taxonomy":"category","embeddable":true,"href":"https:\/\/encuentroinformativo.com.mx\/index.php?rest_route=%2Fwp%2Fv2%2Fcategories&post=18770"},{"taxonomy":"post_tag","embeddable":true,"href":"https:\/\/encuentroinformativo.com.mx\/index.php?rest_route=%2Fwp%2Fv2%2Ftags&post=18770"}],"curies":[{"name":"wp","href":"https:\/\/api.w.org\/{rel}","templated":true}]}}