{"id":18777,"date":"2021-09-27T12:06:36","date_gmt":"2021-09-27T17:06:36","guid":{"rendered":"https:\/\/encuentroinformativo.com.mx\/?p=18777"},"modified":"2021-09-27T12:06:39","modified_gmt":"2021-09-27T17:06:39","slug":"realizaran-noveno-festival-de-cuentos-y-flores","status":"publish","type":"post","link":"https:\/\/encuentroinformativo.com.mx\/?p=18777","title":{"rendered":"Realizar\u00e1n noveno Festival de Cuentos y Flores"},"content":{"rendered":"\n<p><strong>Dar\u00edo Pale<\/strong><\/p>\n\n\n\n<p>Xalapa, Ver.- Iv\u00e1n Zepeda Vald\u00e9s, director del Noveno Festival Internacional Cuentos y Flores dio a conocer que este a\u00f1o s\u00ed se podr\u00e1 realizar el Festival de manera presencial y algunas otras actividades de manera virtual, del 4 al 10 de octubre.<\/p>\n\n\n\n<p>En conferencia de prensa realizada en conocido caf\u00e9 del centro de Xalapa, destac\u00f3 que habr\u00e1 dos funciones en el Teatro JJ Herrera, as\u00ed como cuatro funciones a la Tasca del Cantor.<\/p>\n\n\n\n<p>En el caso de las noches de leyendas, dijo que por la pandemia no ser\u00e1n en la calle sino en la Tasca, adem\u00e1s de dos funciones de cuentos para adultos.<\/p>\n\n\n\n<p>Asimismo, llevar\u00e1n a cabo dos funciones con sentido social, en esta ocasi\u00f3n estar\u00e1n visitando la Casa Hogar Conecalli, as\u00ed como el Centro de Integraci\u00f3n Juvenil, de esta capital, por lo que reconoci\u00f3 que realizar el festival de manera presencial ha sido muy complicado por la pandemia y todas las restricciones.<\/p>\n\n\n\n<p>Finalmente explic\u00f3 que est\u00e1 novena edici\u00f3n la podr\u00e1n realizar gracias a que ganaron una beca del FONCA y gracias a apoyos del Ayuntamiento, y asegur\u00f3 que durante la pandemia s\u00ed ha habido apoyo para los artistas de parte de las instituciones gubernamentales.<\/p>\n","protected":false},"excerpt":{"rendered":"<p>Dar\u00edo Pale Xalapa, Ver.- Iv\u00e1n Zepeda Vald\u00e9s, director del Noveno Festival Internacional Cuentos y Flores dio a conocer que este a\u00f1o s\u00ed se podr\u00e1 realizar el Festival de manera presencial y algunas otras actividades de manera virtual, del 4 al 10 de octubre. En conferencia de prensa realizada en conocido caf\u00e9 del centro de Xalapa, [&hellip;]<\/p>\n","protected":false},"author":1,"featured_media":18778,"comment_status":"open","ping_status":"open","sticky":false,"template":"","format":"standard","meta":{"_jetpack_memberships_contains_paid_content":false,"footnotes":""},"categories":[3],"tags":[],"class_list":["post-18777","post","type-post","status-publish","format-standard","has-post-thumbnail","hentry","category-xalapa"],"jetpack_featured_media_url":"https:\/\/encuentroinformativo.com.mx\/wp-content\/uploads\/2021\/09\/E05D5FAA-E79C-4896-9FAE-EE1E9FBF39DE.jpeg","jetpack_sharing_enabled":true,"jetpack_likes_enabled":true,"amp_enabled":true,"_links":{"self":[{"href":"https:\/\/encuentroinformativo.com.mx\/index.php?rest_route=\/wp\/v2\/posts\/18777","targetHints":{"allow":["GET"]}}],"collection":[{"href":"https:\/\/encuentroinformativo.com.mx\/index.php?rest_route=\/wp\/v2\/posts"}],"about":[{"href":"https:\/\/encuentroinformativo.com.mx\/index.php?rest_route=\/wp\/v2\/types\/post"}],"author":[{"embeddable":true,"href":"https:\/\/encuentroinformativo.com.mx\/index.php?rest_route=\/wp\/v2\/users\/1"}],"replies":[{"embeddable":true,"href":"https:\/\/encuentroinformativo.com.mx\/index.php?rest_route=%2Fwp%2Fv2%2Fcomments&post=18777"}],"version-history":[{"count":1,"href":"https:\/\/encuentroinformativo.com.mx\/index.php?rest_route=\/wp\/v2\/posts\/18777\/revisions"}],"predecessor-version":[{"id":18779,"href":"https:\/\/encuentroinformativo.com.mx\/index.php?rest_route=\/wp\/v2\/posts\/18777\/revisions\/18779"}],"wp:featuredmedia":[{"embeddable":true,"href":"https:\/\/encuentroinformativo.com.mx\/index.php?rest_route=\/wp\/v2\/media\/18778"}],"wp:attachment":[{"href":"https:\/\/encuentroinformativo.com.mx\/index.php?rest_route=%2Fwp%2Fv2%2Fmedia&parent=18777"}],"wp:term":[{"taxonomy":"category","embeddable":true,"href":"https:\/\/encuentroinformativo.com.mx\/index.php?rest_route=%2Fwp%2Fv2%2Fcategories&post=18777"},{"taxonomy":"post_tag","embeddable":true,"href":"https:\/\/encuentroinformativo.com.mx\/index.php?rest_route=%2Fwp%2Fv2%2Ftags&post=18777"}],"curies":[{"name":"wp","href":"https:\/\/api.w.org\/{rel}","templated":true}]}}