{"id":18780,"date":"2021-09-27T12:54:16","date_gmt":"2021-09-27T17:54:16","guid":{"rendered":"https:\/\/encuentroinformativo.com.mx\/?p=18780"},"modified":"2021-09-27T12:54:21","modified_gmt":"2021-09-27T17:54:21","slug":"se-establecen-haitianos-en-veracruz-puerto","status":"publish","type":"post","link":"https:\/\/encuentroinformativo.com.mx\/?p=18780","title":{"rendered":"Se establecen haitianos en Veracruz puerto"},"content":{"rendered":"\n<p><strong>Juan Arcos <\/strong><\/p>\n\n\n\n<p>Veracruz, Ver.- En los \u00faltimos 15 d\u00edas j\u00f3venes originarios de Hait\u00ed se han establecido en el puerto de Veracruz, rentando viviendas en el fraccionamiento Lomas 4, una zona habitacional con poca densidad de poblaci\u00f3n, debido a su lejan\u00eda con el Centro Hist\u00f3rico.<\/p>\n\n\n\n<p>El sitio se encuentra en la zona norte de la ciudad, ingresando por la carretera federal Xalapa-Veracruz, a la altura del puente de R\u00edo Medio.<\/p>\n\n\n\n<p>Se habla de m\u00e1s de cinco parejas j\u00f3venes con hijos que habitan en el mencionado fraccionamiento, debido a las limitaciones que han enfrentado en su paso por la entidad para llegar a la frontera norte y Estados Unidos.<\/p>\n\n\n\n<p>De acuerdo con Rosa Contreras Garc\u00eda, vecina de la zona, algunos de ellos laboran en negocios del fraccionamiento Lomas 3, en la zona de la avenida Leonardo Pasquel, mejor conocida como \u201cDos Bah\u00edas\u201d, donde hay comercios de distintos giros.<\/p>\n\n\n\n<p>Sobre la calle R\u00edo Era un joven haitiano fue contratado como auxiliar en un establecimiento dedicado a la venta de carnes, pollo y verdura.<\/p>\n\n\n\n<p>Durante un recorrido en la zona se constat\u00f3 que los migrantes reciben un buen trato por parte de la poblaci\u00f3n jarocha.<\/p>\n\n\n\n<p>Familias completas de haitianos tambi\u00e9n han sido observadas en playas de la zona conurbada Veracruz-Boca del R\u00edo, por ejemplo, en playa Vicente Fox, ubicada en la zona tur\u00edstica del \u00faltimo municipio mencionado.<\/p>\n\n\n\n<p>Medios de comunicaci\u00f3n locales del norte del Estado de Veracruz, tambi\u00e9n han informado que una mujer haitiana consigui\u00f3 empleo en una est\u00e9tica del municipio de Poza Rica.<\/p>\n","protected":false},"excerpt":{"rendered":"<p>Juan Arcos Veracruz, Ver.- En los \u00faltimos 15 d\u00edas j\u00f3venes originarios de Hait\u00ed se han establecido en el puerto de Veracruz, rentando viviendas en el fraccionamiento Lomas 4, una zona habitacional con poca densidad de poblaci\u00f3n, debido a su lejan\u00eda con el Centro Hist\u00f3rico. El sitio se encuentra en la zona norte de la ciudad, [&hellip;]<\/p>\n","protected":false},"author":1,"featured_media":18781,"comment_status":"open","ping_status":"open","sticky":false,"template":"","format":"standard","meta":{"_jetpack_memberships_contains_paid_content":false,"footnotes":""},"categories":[2],"tags":[],"class_list":["post-18780","post","type-post","status-publish","format-standard","has-post-thumbnail","hentry","category-estado"],"jetpack_featured_media_url":"https:\/\/encuentroinformativo.com.mx\/wp-content\/uploads\/2021\/09\/CA33BEAA-4568-46D2-8AA9-28A13E9EDEAD.jpeg","jetpack_sharing_enabled":true,"jetpack_likes_enabled":true,"amp_enabled":true,"_links":{"self":[{"href":"https:\/\/encuentroinformativo.com.mx\/index.php?rest_route=\/wp\/v2\/posts\/18780","targetHints":{"allow":["GET"]}}],"collection":[{"href":"https:\/\/encuentroinformativo.com.mx\/index.php?rest_route=\/wp\/v2\/posts"}],"about":[{"href":"https:\/\/encuentroinformativo.com.mx\/index.php?rest_route=\/wp\/v2\/types\/post"}],"author":[{"embeddable":true,"href":"https:\/\/encuentroinformativo.com.mx\/index.php?rest_route=\/wp\/v2\/users\/1"}],"replies":[{"embeddable":true,"href":"https:\/\/encuentroinformativo.com.mx\/index.php?rest_route=%2Fwp%2Fv2%2Fcomments&post=18780"}],"version-history":[{"count":1,"href":"https:\/\/encuentroinformativo.com.mx\/index.php?rest_route=\/wp\/v2\/posts\/18780\/revisions"}],"predecessor-version":[{"id":18782,"href":"https:\/\/encuentroinformativo.com.mx\/index.php?rest_route=\/wp\/v2\/posts\/18780\/revisions\/18782"}],"wp:featuredmedia":[{"embeddable":true,"href":"https:\/\/encuentroinformativo.com.mx\/index.php?rest_route=\/wp\/v2\/media\/18781"}],"wp:attachment":[{"href":"https:\/\/encuentroinformativo.com.mx\/index.php?rest_route=%2Fwp%2Fv2%2Fmedia&parent=18780"}],"wp:term":[{"taxonomy":"category","embeddable":true,"href":"https:\/\/encuentroinformativo.com.mx\/index.php?rest_route=%2Fwp%2Fv2%2Fcategories&post=18780"},{"taxonomy":"post_tag","embeddable":true,"href":"https:\/\/encuentroinformativo.com.mx\/index.php?rest_route=%2Fwp%2Fv2%2Ftags&post=18780"}],"curies":[{"name":"wp","href":"https:\/\/api.w.org\/{rel}","templated":true}]}}