{"id":18786,"date":"2021-09-27T13:39:15","date_gmt":"2021-09-27T18:39:15","guid":{"rendered":"https:\/\/encuentroinformativo.com.mx\/?p=18786"},"modified":"2021-09-27T13:39:19","modified_gmt":"2021-09-27T18:39:19","slug":"por-covid-hospital-naval-disminuyo-cirugias-en-un-50-por-ciento","status":"publish","type":"post","link":"https:\/\/encuentroinformativo.com.mx\/?p=18786","title":{"rendered":"Por COVID, Hospital Naval disminuy\u00f3 cirug\u00edas en un 50 por ciento"},"content":{"rendered":"\n<p><strong>Alejandro \u00c1vila<\/strong><\/p>\n\n\n\n<p>Veracruz, Ver.- Durante la tercera ola de COVID 19 en Veracruz, el Hospital Naval tuvo que reducir las consultas generales y cirug\u00edas hasta en un 50 por ciento, pues deb\u00edan cuidar las \u00e1reas especificas de enfermos por coronavirus, inform\u00f3 el director Luis Alberto Bonilla Arcaute.<\/p>\n\n\n\n<p>El mando castrense se\u00f1al\u00f3 que al momento el hospital trabaja de manera h\u00edbrida, pues mantiene un \u00e1rea importante de enfermos con COVID, y en otro espacio se dan las consultas y cirug\u00edas, aunque en menor medida de lo habitual.<\/p>\n\n\n\n<p>\u201cDesgraciadamente no podemos partirnos en dos al 100 por ciento, tenemos que hacer una disminuci\u00f3n de consultas normales, una disminuci\u00f3n de cirug\u00edas, etc\u00e9tera, pero estamos dentro de lo que cabe podemos hacerlo (\u2026) Es como una nivelaci\u00f3n, si bajan COVID, suben las consultas, si sube COVID, bajan las consultas, es como una balanza\u201d, apunt\u00f3.<\/p>\n\n\n\n<p>Bonilla Arcaunte, se\u00f1al\u00f3 que a como va la tendencia, antes de que finalice el a\u00f1o ya podr\u00e1n estar operando de forma regular con cirug\u00edas y consultas, aunque aclar\u00f3 que se dan prioridad a aquellas que por su enfermedad son urgentes.<\/p>\n\n\n\n<p>En ese sentido, reconoci\u00f3 que durante el \u00faltimo mes los casos de coronavirus, al menos en el Hospital Naval han disminuido, por lo que la ocupaci\u00f3n hospitalaria va a la baja.<\/p>\n\n\n\n<p>\u201cS\u00ed ha habido una disminuci\u00f3n ya en el n\u00famero de casos de esta ola, nosotros estamos previendo que cada vez sean menos los casos y que probablemente en unos meses ya podamos decir que estamos mucho mejor (\u2026) S\u00ed ha habido una disminuci\u00f3n importante en el n\u00famero de casos de dos meses a la fecha y se prev\u00e9 que en los dos meses pr\u00f3ximos podamos regresar a como est\u00e1bamos antes\u201d, culmin\u00f3.<\/p>\n","protected":false},"excerpt":{"rendered":"<p>Alejandro \u00c1vila Veracruz, Ver.- Durante la tercera ola de COVID 19 en Veracruz, el Hospital Naval tuvo que reducir las consultas generales y cirug\u00edas hasta en un 50 por ciento, pues deb\u00edan cuidar las \u00e1reas especificas de enfermos por coronavirus, inform\u00f3 el director Luis Alberto Bonilla Arcaute. El mando castrense se\u00f1al\u00f3 que al momento el [&hellip;]<\/p>\n","protected":false},"author":1,"featured_media":18787,"comment_status":"open","ping_status":"open","sticky":false,"template":"","format":"standard","meta":{"_jetpack_memberships_contains_paid_content":false,"footnotes":""},"categories":[9],"tags":[],"class_list":["post-18786","post","type-post","status-publish","format-standard","has-post-thumbnail","hentry","category-salud"],"jetpack_featured_media_url":"https:\/\/encuentroinformativo.com.mx\/wp-content\/uploads\/2021\/09\/FA3C450B-3F15-4075-93DD-DBBC0D97EC51.jpeg","jetpack_sharing_enabled":true,"jetpack_likes_enabled":true,"amp_enabled":true,"_links":{"self":[{"href":"https:\/\/encuentroinformativo.com.mx\/index.php?rest_route=\/wp\/v2\/posts\/18786","targetHints":{"allow":["GET"]}}],"collection":[{"href":"https:\/\/encuentroinformativo.com.mx\/index.php?rest_route=\/wp\/v2\/posts"}],"about":[{"href":"https:\/\/encuentroinformativo.com.mx\/index.php?rest_route=\/wp\/v2\/types\/post"}],"author":[{"embeddable":true,"href":"https:\/\/encuentroinformativo.com.mx\/index.php?rest_route=\/wp\/v2\/users\/1"}],"replies":[{"embeddable":true,"href":"https:\/\/encuentroinformativo.com.mx\/index.php?rest_route=%2Fwp%2Fv2%2Fcomments&post=18786"}],"version-history":[{"count":1,"href":"https:\/\/encuentroinformativo.com.mx\/index.php?rest_route=\/wp\/v2\/posts\/18786\/revisions"}],"predecessor-version":[{"id":18788,"href":"https:\/\/encuentroinformativo.com.mx\/index.php?rest_route=\/wp\/v2\/posts\/18786\/revisions\/18788"}],"wp:featuredmedia":[{"embeddable":true,"href":"https:\/\/encuentroinformativo.com.mx\/index.php?rest_route=\/wp\/v2\/media\/18787"}],"wp:attachment":[{"href":"https:\/\/encuentroinformativo.com.mx\/index.php?rest_route=%2Fwp%2Fv2%2Fmedia&parent=18786"}],"wp:term":[{"taxonomy":"category","embeddable":true,"href":"https:\/\/encuentroinformativo.com.mx\/index.php?rest_route=%2Fwp%2Fv2%2Fcategories&post=18786"},{"taxonomy":"post_tag","embeddable":true,"href":"https:\/\/encuentroinformativo.com.mx\/index.php?rest_route=%2Fwp%2Fv2%2Ftags&post=18786"}],"curies":[{"name":"wp","href":"https:\/\/api.w.org\/{rel}","templated":true}]}}