{"id":18792,"date":"2021-09-27T13:55:42","date_gmt":"2021-09-27T18:55:42","guid":{"rendered":"https:\/\/encuentroinformativo.com.mx\/?p=18792"},"modified":"2021-09-27T13:55:47","modified_gmt":"2021-09-27T18:55:47","slug":"empresarios-mexicanos-no-dan-empleo-a-migrantes-ancer","status":"publish","type":"post","link":"https:\/\/encuentroinformativo.com.mx\/?p=18792","title":{"rendered":"Empresarios mexicanos no dan empleo a migrantes: ANCER"},"content":{"rendered":"\n<p><strong>Alejandro \u00c1vila<\/strong><\/p>\n\n\n\n<p>Veracruz, Ver. \u2013 La Asociaci\u00f3n Nacional de Consejos Empresariales Regionales (ANCER) asegur\u00f3 que las empresas mexicanas no han dado empleo a migrantes que durante las \u00faltimas semanas han participado en las caravanas que provienen de Centroam\u00e9rica.<\/p>\n\n\n\n<p>El presidente en la zona, Jos\u00e9 Manuel Urreta Ortega, aclar\u00f3 que todas estas personas tienen el objetivo de solo cruzar por territorio mexicano, pues su destino es Estados Unidos; aunque coincidi\u00f3 con el Gobierno Federal, en que se debe incentivar la inversi\u00f3n en Centroam\u00e9rica, para evitar el flujo de migrantes por M\u00e9xico.<\/p>\n\n\n\n<p>En ese sentido, expuso que antes de que una empresa mexicana pueda ofrecer trabajo a un migrante, primero debe garantizar que sus trabajadores nacionales cuenten con las condiciones dignas para laborar, tal como lo marca la ley.<\/p>\n\n\n\n<p>\u201cNosotros no tenemos conocimiento de empresas en las diversas regiones del pa\u00eds, o al menos del norte y centro de nuestro territorio, que actualmente est\u00e9n contratando inmigrantes. Algunos casos en Veracruz, particularmente en la zona norte de Poza Rica\u201d.<\/p>\n\n\n\n<p>Si bien reconoci\u00f3 que muchos de ellos no buscan empleo en M\u00e9xico, al no lograr su objetivo de cruzar la frontera hacia Estados Unidos, varios de ellos busquen el sustento pidiendo empleo en Estados del norte del pa\u00eds.<br>Urreta Ortega se\u00f1al\u00f3 que a los migrantes que ya se encuentran en M\u00e9xico se les puede ofrecer empleo temporal s\u00f3lo si existe suma de voluntades entre gobierno e iniciativa privada para generar planes e incorporarlos a la maquila, al sector de la construcci\u00f3n, a la agroindustria u otros sectores con alta demanda de trabajadores; pero aclar\u00f3 que se debe hacer de manera ordenada, cumpliendo la ley y respetando en todo momento los derechos tanto de los migrantes como de los trabajadores mexicanos de los distintos estados de la Rep\u00fablica para que no sean desplazados o devaluadas sus actividades.\u00a0<\/p>\n\n\n\n<p>Finalmente, destac\u00f3 que el n\u00famero de migrantes en M\u00e9xico triplic\u00f3 al pasar de 50 mil a alrededor de 150 mil.\u00a0<\/p>\n","protected":false},"excerpt":{"rendered":"<p>Alejandro \u00c1vila Veracruz, Ver. \u2013 La Asociaci\u00f3n Nacional de Consejos Empresariales Regionales (ANCER) asegur\u00f3 que las empresas mexicanas no han dado empleo a migrantes que durante las \u00faltimas semanas han participado en las caravanas que provienen de Centroam\u00e9rica. El presidente en la zona, Jos\u00e9 Manuel Urreta Ortega, aclar\u00f3 que todas estas personas tienen el objetivo [&hellip;]<\/p>\n","protected":false},"author":1,"featured_media":18793,"comment_status":"open","ping_status":"open","sticky":false,"template":"","format":"standard","meta":{"_jetpack_memberships_contains_paid_content":false,"footnotes":""},"categories":[2],"tags":[],"class_list":["post-18792","post","type-post","status-publish","format-standard","has-post-thumbnail","hentry","category-estado"],"jetpack_featured_media_url":"https:\/\/encuentroinformativo.com.mx\/wp-content\/uploads\/2021\/09\/BA656913-83F1-42E1-801B-427992E158C3.jpeg","jetpack_sharing_enabled":true,"jetpack_likes_enabled":true,"amp_enabled":true,"_links":{"self":[{"href":"https:\/\/encuentroinformativo.com.mx\/index.php?rest_route=\/wp\/v2\/posts\/18792","targetHints":{"allow":["GET"]}}],"collection":[{"href":"https:\/\/encuentroinformativo.com.mx\/index.php?rest_route=\/wp\/v2\/posts"}],"about":[{"href":"https:\/\/encuentroinformativo.com.mx\/index.php?rest_route=\/wp\/v2\/types\/post"}],"author":[{"embeddable":true,"href":"https:\/\/encuentroinformativo.com.mx\/index.php?rest_route=\/wp\/v2\/users\/1"}],"replies":[{"embeddable":true,"href":"https:\/\/encuentroinformativo.com.mx\/index.php?rest_route=%2Fwp%2Fv2%2Fcomments&post=18792"}],"version-history":[{"count":1,"href":"https:\/\/encuentroinformativo.com.mx\/index.php?rest_route=\/wp\/v2\/posts\/18792\/revisions"}],"predecessor-version":[{"id":18794,"href":"https:\/\/encuentroinformativo.com.mx\/index.php?rest_route=\/wp\/v2\/posts\/18792\/revisions\/18794"}],"wp:featuredmedia":[{"embeddable":true,"href":"https:\/\/encuentroinformativo.com.mx\/index.php?rest_route=\/wp\/v2\/media\/18793"}],"wp:attachment":[{"href":"https:\/\/encuentroinformativo.com.mx\/index.php?rest_route=%2Fwp%2Fv2%2Fmedia&parent=18792"}],"wp:term":[{"taxonomy":"category","embeddable":true,"href":"https:\/\/encuentroinformativo.com.mx\/index.php?rest_route=%2Fwp%2Fv2%2Fcategories&post=18792"},{"taxonomy":"post_tag","embeddable":true,"href":"https:\/\/encuentroinformativo.com.mx\/index.php?rest_route=%2Fwp%2Fv2%2Ftags&post=18792"}],"curies":[{"name":"wp","href":"https:\/\/api.w.org\/{rel}","templated":true}]}}