{"id":18796,"date":"2021-09-27T14:20:54","date_gmt":"2021-09-27T19:20:54","guid":{"rendered":"https:\/\/encuentroinformativo.com.mx\/?p=18796"},"modified":"2021-09-27T14:20:58","modified_gmt":"2021-09-27T19:20:58","slug":"grupos-feministas-reclaman-protocolo-para-aborto-seguro","status":"publish","type":"post","link":"https:\/\/encuentroinformativo.com.mx\/?p=18796","title":{"rendered":"Grupos feministas reclaman protocolo para aborto seguro"},"content":{"rendered":"\n<p><strong>Juan Arcos\/Dar\u00edo Pale<\/strong><\/p>\n\n\n\n<p>Xalapa, Ver.- Grupos feministas exigieron al gobierno de Veracruz la creaci\u00f3n y publicaci\u00f3n de un protocolo para el aborto seguro en los hospitales de esta entidad.<\/p>\n\n\n\n<p>Las integrantes de Redefine Veracruz, Marea Verde Xalapa, Circulante y otras agrupaciones se concentraron en el Paseo de los Lagos para ofrecer una conferencia de prensa y recordar a las autoridades estatales que ya fue despenalizada la interrupci\u00f3n del embarazo hasta las 12 semanas de gestaci\u00f3n.<\/p>\n\n\n\n<p>En el marco del 28 de septiembre (28S), D\u00eda de Acci\u00f3n Global por un aborto legal y seguro, expresaron que las modificaciones legales se aprobaron el pasado 20 de julio por el Congreso local y, hasta el momento, no ha habido avances para garantizar la seguridad y salud de las mujeres que deciden abortar.<\/p>\n\n\n\n<p>\u201cReclamamos que sea publicado lo antes posible el protocolo para aborto seguro en Veracruz. Las autoridades veracruzanas no deben ser omisas ante su responsabilidad de garantizar su acceso, no hay excusas\u201d, manifestaron.<\/p>\n\n\n\n<p>Tambi\u00e9n destacaron la importancia de una urgente capacitaci\u00f3n en materia de prevenci\u00f3n en embarazos de no deseados, salud perinatal y materna, as\u00ed como tambi\u00e9n, violencia de g\u00e9nero y sexual.<\/p>\n\n\n\n<p>\u201cEstamos seguras que no basta una normativa, tenemos que entrar a la ra\u00edz del problema, la cual, se encuentra en prejuicios y estigmas del personal m\u00e9dico por lo que tambi\u00e9n es necesaria una capacitaci\u00f3n enfocada en una perspectiva integral\u201d, a\u00f1adieron.<\/p>\n\n\n\n<p>Cabe recordar que Veracruz se convirti\u00f3 en la cuarta entidad en despenalizar el aborto, despu\u00e9s de la Ciudad de M\u00e9xico, Oaxaca e Hidalgo.<\/p>\n\n\n\n<p>Por lo que reclaman que \u201ctoda mujer veracruzana puede abortar hasta antes de las doce semanas de gestaci\u00f3n, sin el temor de perder la vida o ser criminalizada. No queremos presas por abortar o muertas por intentarlo\u201d, enfatizaron.<\/p>\n\n\n\n<p>Cualquier mujer que quiera abortar no se le puede negar el servicio y si no son atendidas, presentar las quejas correspondientes, as\u00ed lo dieron a conocer los integrantes de la organizaci\u00f3n de la sociedad civil REDefine Veracruz, afirmaron que a pesar de que todav\u00eda no se publica el protocolo para un aborto seguro.<\/p>\n\n\n\n<p>&#8220;Los efectos de la reforma son inmediatos a su publicaci\u00f3n en la Gaceta, la cual se dio el mismo d\u00eda, de acuerdo a los art\u00edculos transitorios en el momento de la publicaci\u00f3n entra en vigor. Lo cual significa que no habr\u00eda ning\u00fan plazo (para publicar el protocolo). Sabemos que no son cosas que se dan de un d\u00eda para otro, pero es justo por eso la exigencia de que a toda mujer veracruzana le sean reconocidos y garantizados sus derechos sexuales y reproductivos, no hay excusa&#8221;, se\u00f1alaron.<\/p>\n\n\n\n<p>&#8220;El siguiente paso para que la Reforma sea una realidad para las mujeres veracruzanas, es continuar con la exigencia ante las instituciones encargadas de brindar los servicios de salud sexual y reproductiva&#8221;, comentaron.<\/p>\n\n\n\n<p>Dieron a conocer que en junio de este a\u00f1o el Centro Nacional de Equidad de G\u00e9nero y Salud Reproductiva, public\u00f3 los lineamientos t\u00e9cnicos para la atenci\u00f3n del aborto seguro en M\u00e9xico.<\/p>\n\n\n\n<figure class=\"wp-block-image size-large\"><img loading=\"lazy\" decoding=\"async\" width=\"1024\" height=\"765\" src=\"https:\/\/encuentroinformativo.com.mx\/wp-content\/uploads\/2021\/09\/DAD35F78-3DF9-437C-B7AB-09433BD41AAC-1024x765.jpeg\" alt=\"\" class=\"wp-image-18798\" srcset=\"https:\/\/encuentroinformativo.com.mx\/wp-content\/uploads\/2021\/09\/DAD35F78-3DF9-437C-B7AB-09433BD41AAC-1024x765.jpeg 1024w, https:\/\/encuentroinformativo.com.mx\/wp-content\/uploads\/2021\/09\/DAD35F78-3DF9-437C-B7AB-09433BD41AAC-300x224.jpeg 300w, https:\/\/encuentroinformativo.com.mx\/wp-content\/uploads\/2021\/09\/DAD35F78-3DF9-437C-B7AB-09433BD41AAC-768x574.jpeg 768w, https:\/\/encuentroinformativo.com.mx\/wp-content\/uploads\/2021\/09\/DAD35F78-3DF9-437C-B7AB-09433BD41AAC.jpeg 1080w\" sizes=\"auto, (max-width: 1024px) 100vw, 1024px\" \/><\/figure>\n","protected":false},"excerpt":{"rendered":"<p>Juan Arcos\/Dar\u00edo Pale Xalapa, Ver.- Grupos feministas exigieron al gobierno de Veracruz la creaci\u00f3n y publicaci\u00f3n de un protocolo para el aborto seguro en los hospitales de esta entidad. Las integrantes de Redefine Veracruz, Marea Verde Xalapa, Circulante y otras agrupaciones se concentraron en el Paseo de los Lagos para ofrecer una conferencia de prensa [&hellip;]<\/p>\n","protected":false},"author":1,"featured_media":18797,"comment_status":"open","ping_status":"open","sticky":false,"template":"","format":"standard","meta":{"_jetpack_memberships_contains_paid_content":false,"footnotes":""},"categories":[3],"tags":[],"class_list":["post-18796","post","type-post","status-publish","format-standard","has-post-thumbnail","hentry","category-xalapa"],"jetpack_featured_media_url":"https:\/\/encuentroinformativo.com.mx\/wp-content\/uploads\/2021\/09\/8684674A-22AF-4EAC-81F1-7B8469DA0FD6.jpeg","jetpack_sharing_enabled":true,"jetpack_likes_enabled":true,"amp_enabled":true,"_links":{"self":[{"href":"https:\/\/encuentroinformativo.com.mx\/index.php?rest_route=\/wp\/v2\/posts\/18796","targetHints":{"allow":["GET"]}}],"collection":[{"href":"https:\/\/encuentroinformativo.com.mx\/index.php?rest_route=\/wp\/v2\/posts"}],"about":[{"href":"https:\/\/encuentroinformativo.com.mx\/index.php?rest_route=\/wp\/v2\/types\/post"}],"author":[{"embeddable":true,"href":"https:\/\/encuentroinformativo.com.mx\/index.php?rest_route=\/wp\/v2\/users\/1"}],"replies":[{"embeddable":true,"href":"https:\/\/encuentroinformativo.com.mx\/index.php?rest_route=%2Fwp%2Fv2%2Fcomments&post=18796"}],"version-history":[{"count":1,"href":"https:\/\/encuentroinformativo.com.mx\/index.php?rest_route=\/wp\/v2\/posts\/18796\/revisions"}],"predecessor-version":[{"id":18799,"href":"https:\/\/encuentroinformativo.com.mx\/index.php?rest_route=\/wp\/v2\/posts\/18796\/revisions\/18799"}],"wp:featuredmedia":[{"embeddable":true,"href":"https:\/\/encuentroinformativo.com.mx\/index.php?rest_route=\/wp\/v2\/media\/18797"}],"wp:attachment":[{"href":"https:\/\/encuentroinformativo.com.mx\/index.php?rest_route=%2Fwp%2Fv2%2Fmedia&parent=18796"}],"wp:term":[{"taxonomy":"category","embeddable":true,"href":"https:\/\/encuentroinformativo.com.mx\/index.php?rest_route=%2Fwp%2Fv2%2Fcategories&post=18796"},{"taxonomy":"post_tag","embeddable":true,"href":"https:\/\/encuentroinformativo.com.mx\/index.php?rest_route=%2Fwp%2Fv2%2Ftags&post=18796"}],"curies":[{"name":"wp","href":"https:\/\/api.w.org\/{rel}","templated":true}]}}