{"id":18800,"date":"2021-09-27T14:24:14","date_gmt":"2021-09-27T19:24:14","guid":{"rendered":"https:\/\/encuentroinformativo.com.mx\/?p=18800"},"modified":"2021-09-27T14:24:18","modified_gmt":"2021-09-27T19:24:18","slug":"rechazan-comerciantes-y-vecinos-parquimetros-en-zona-centro","status":"publish","type":"post","link":"https:\/\/encuentroinformativo.com.mx\/?p=18800","title":{"rendered":"Rechazan comerciantes y vecinos parqu\u00edmetros en zona centro"},"content":{"rendered":"\n<p><strong>Alejandro \u00c1vila<\/strong><\/p>\n\n\n\n<p>Veracruz, Ver.- Comerciantes y habitantes de la zona centro, marcharon este lunes contra la instalaci\u00f3n de nuevos parqu\u00edmetros en las calles de Hidalgo, Guerrero y Bravo, pues adem\u00e1s de bajas ventas, denuncias incremento de robos.<\/p>\n\n\n\n<p>Los afectados se\u00f1alan que hace 15 d\u00edas la empresa <em>Zeus<\/em> decidi\u00f3 aumentar el n\u00famero de parquimetros en la zona centro, ubicandolos sobres las calles Arista, Esteban Morales, Lerdo, Zamora, Mario Molina, a la altura de las avenidas Hidalgo, Guerrero y Bravo; situaci\u00f3n que trajo bajas ventas a comerciantes y robos a habitantes.<\/p>\n\n\n\n<p>Los due\u00f1os de negocios, mencionan que desde que colocaron los parquimetros la gente ha dejado de circular por la zona y sus ventas han bajado considerablemente.<\/p>\n\n\n\n<p>Mientras que los vecinos se\u00f1alan que al no poder dejar sus autom\u00f3viles afuera de sus casas, para evitar el cobro del parquimetro, han llevado sus unidades calles m\u00e1s adelante, donde han sufrido robos de todo tipo.<\/p>\n\n\n\n<p>&#8220;A m\u00ed en lo particular me han robado cuatro bater\u00edas de mi camioneta, cuatro bater\u00edas que cada vez que tienes que agarrarlo, pues tienes que ir y\u2026bueno, los ladrones ya saben como hacerle para abrir tu cofre r\u00e1pido, por parte de seguridad nos afecta. Por parte de los que vivimos aqu\u00ed, nuestros locales nos afecta, porque ya no puedes darle un buen servicio al cliente&#8221;, se\u00f1al\u00f3 uno de los afectados.<\/p>\n","protected":false},"excerpt":{"rendered":"<p>Alejandro \u00c1vila Veracruz, Ver.- Comerciantes y habitantes de la zona centro, marcharon este lunes contra la instalaci\u00f3n de nuevos parqu\u00edmetros en las calles de Hidalgo, Guerrero y Bravo, pues adem\u00e1s de bajas ventas, denuncias incremento de robos. Los afectados se\u00f1alan que hace 15 d\u00edas la empresa Zeus decidi\u00f3 aumentar el n\u00famero de parquimetros en la [&hellip;]<\/p>\n","protected":false},"author":1,"featured_media":18801,"comment_status":"open","ping_status":"open","sticky":false,"template":"","format":"standard","meta":{"_jetpack_memberships_contains_paid_content":false,"footnotes":""},"categories":[2],"tags":[],"class_list":["post-18800","post","type-post","status-publish","format-standard","has-post-thumbnail","hentry","category-estado"],"jetpack_featured_media_url":"https:\/\/encuentroinformativo.com.mx\/wp-content\/uploads\/2021\/09\/522E5244-60FA-4363-B8F2-F21157FBBCE6.jpeg","jetpack_sharing_enabled":true,"jetpack_likes_enabled":true,"amp_enabled":true,"_links":{"self":[{"href":"https:\/\/encuentroinformativo.com.mx\/index.php?rest_route=\/wp\/v2\/posts\/18800","targetHints":{"allow":["GET"]}}],"collection":[{"href":"https:\/\/encuentroinformativo.com.mx\/index.php?rest_route=\/wp\/v2\/posts"}],"about":[{"href":"https:\/\/encuentroinformativo.com.mx\/index.php?rest_route=\/wp\/v2\/types\/post"}],"author":[{"embeddable":true,"href":"https:\/\/encuentroinformativo.com.mx\/index.php?rest_route=\/wp\/v2\/users\/1"}],"replies":[{"embeddable":true,"href":"https:\/\/encuentroinformativo.com.mx\/index.php?rest_route=%2Fwp%2Fv2%2Fcomments&post=18800"}],"version-history":[{"count":1,"href":"https:\/\/encuentroinformativo.com.mx\/index.php?rest_route=\/wp\/v2\/posts\/18800\/revisions"}],"predecessor-version":[{"id":18802,"href":"https:\/\/encuentroinformativo.com.mx\/index.php?rest_route=\/wp\/v2\/posts\/18800\/revisions\/18802"}],"wp:featuredmedia":[{"embeddable":true,"href":"https:\/\/encuentroinformativo.com.mx\/index.php?rest_route=\/wp\/v2\/media\/18801"}],"wp:attachment":[{"href":"https:\/\/encuentroinformativo.com.mx\/index.php?rest_route=%2Fwp%2Fv2%2Fmedia&parent=18800"}],"wp:term":[{"taxonomy":"category","embeddable":true,"href":"https:\/\/encuentroinformativo.com.mx\/index.php?rest_route=%2Fwp%2Fv2%2Fcategories&post=18800"},{"taxonomy":"post_tag","embeddable":true,"href":"https:\/\/encuentroinformativo.com.mx\/index.php?rest_route=%2Fwp%2Fv2%2Ftags&post=18800"}],"curies":[{"name":"wp","href":"https:\/\/api.w.org\/{rel}","templated":true}]}}