{"id":18809,"date":"2021-09-28T10:40:22","date_gmt":"2021-09-28T15:40:22","guid":{"rendered":"https:\/\/encuentroinformativo.com.mx\/?p=18809"},"modified":"2021-09-28T10:40:27","modified_gmt":"2021-09-28T15:40:27","slug":"con-protesta-quimicos-reclaman-mejoras-salariales-en-salud","status":"publish","type":"post","link":"https:\/\/encuentroinformativo.com.mx\/?p=18809","title":{"rendered":"Con protesta, qu\u00edmicos reclaman mejoras salariales en Salud"},"content":{"rendered":"\n<p><strong>Dar\u00edo Pale<\/strong><\/p>\n\n\n\n<p>Xalapa, Ver.- Qu\u00edmicos del Estado protestan para lograr mejoras salariales, ya que no han logrado m\u00e1s que c\u00f3digo de t\u00e9cnicos laboratoristas o menos pese a riesgos y grandes responsabilidades, as\u00ed lo dio a conocer Fabiola Hern\u00e1ndez, del Laboratorio Estatal Salud.<\/p>\n\n\n\n<p>Entrevistados durante la manifestaci\u00f3n en las instalaciones de la Secretaria de Salud de Veracruz, los integrantes del Movimiento Nacional de Qu\u00edmicos, que pertenecen a dicha secretar\u00eda de base y homologados, protestaron ante la dependencia debido al rezago salarial que mantienen desde hace muchos a\u00f1os al haberles asignados c\u00f3digos inferiores a su nivel acad\u00e9mico y funciones.<\/p>\n\n\n\n<p>Explic\u00f3 que los movimientos escalafonarios se dan cada vez que hay una jubilaci\u00f3n o defunci\u00f3n de alg\u00fan trabajador, por lo que indic\u00f3 que entre los qu\u00edmicos integrantes del Movimiento son de distintas partidas presupuestales, es decir, son de la Federaci\u00f3n, son homologados, regularizados, formalizados, pero ninguno ha podido mejorar su c\u00f3digo, es decir, tienen c\u00f3digo de t\u00e9cnico laboratorista AB, algunos en m\u00e1s bajo c\u00f3digo como microscopista, auxiliar de laboratorio, administrativos, entre otros.<\/p>\n\n\n\n<p>Es por ello que este d\u00eda exigen una mesa de di\u00e1logo, de trabajo para que les mejoren los salarios a unos 80 qu\u00edmicos de Xalapa, Veracruz, Boca del R\u00edo, Misantla, Poza Rica, Mart\u00ednez de la Torre, Alto Lucero, Guti\u00e9rrez Zamora, Papantla, Acayucan, entre otros.<br>Por otra parte Humberto G\u00f3mez Avelino, se\u00f1al\u00f3 que se trata de personal muy expuesto, adem\u00e1s, por la pandemia, son de los m\u00e1s afectados, sostuvo que todos tienen licenciatura y trabajan con responsabilidades, firma de resultados, validan controles de calidad y tienen a su cargo mucha responsabilidad.<\/p>\n\n\n\n<p>Finalmente coment\u00f3 que, &#8220;sin embargo, la autoridad no nos ha querido resolver nuestra problem\u00e1tica, ya tenemos tres a\u00f1os con este movimiento que est\u00e1 integrado por 27 estados. Solicitamos una mesa de trabajo con las autoridades para que dialoguemos con ellas y presentar algunos puntos que trajimos de la Ciudad de M\u00e9xico, obtenido con meses de trabajo&#8221;.<\/p>\n\n\n\n<figure class=\"wp-block-image size-large\"><img loading=\"lazy\" decoding=\"async\" width=\"1024\" height=\"576\" src=\"https:\/\/encuentroinformativo.com.mx\/wp-content\/uploads\/2021\/09\/0D2E69FA-0AD8-4BDB-BDCF-C4D3DBB6E6F1-1024x576.jpeg\" alt=\"\" class=\"wp-image-18811\" srcset=\"https:\/\/encuentroinformativo.com.mx\/wp-content\/uploads\/2021\/09\/0D2E69FA-0AD8-4BDB-BDCF-C4D3DBB6E6F1-1024x576.jpeg 1024w, https:\/\/encuentroinformativo.com.mx\/wp-content\/uploads\/2021\/09\/0D2E69FA-0AD8-4BDB-BDCF-C4D3DBB6E6F1-300x169.jpeg 300w, https:\/\/encuentroinformativo.com.mx\/wp-content\/uploads\/2021\/09\/0D2E69FA-0AD8-4BDB-BDCF-C4D3DBB6E6F1-768x432.jpeg 768w, https:\/\/encuentroinformativo.com.mx\/wp-content\/uploads\/2021\/09\/0D2E69FA-0AD8-4BDB-BDCF-C4D3DBB6E6F1-1536x864.jpeg 1536w, https:\/\/encuentroinformativo.com.mx\/wp-content\/uploads\/2021\/09\/0D2E69FA-0AD8-4BDB-BDCF-C4D3DBB6E6F1.jpeg 1599w\" sizes=\"auto, (max-width: 1024px) 100vw, 1024px\" \/><\/figure>\n","protected":false},"excerpt":{"rendered":"<p>Dar\u00edo Pale Xalapa, Ver.- Qu\u00edmicos del Estado protestan para lograr mejoras salariales, ya que no han logrado m\u00e1s que c\u00f3digo de t\u00e9cnicos laboratoristas o menos pese a riesgos y grandes responsabilidades, as\u00ed lo dio a conocer Fabiola Hern\u00e1ndez, del Laboratorio Estatal Salud. Entrevistados durante la manifestaci\u00f3n en las instalaciones de la Secretaria de Salud de [&hellip;]<\/p>\n","protected":false},"author":1,"featured_media":18810,"comment_status":"open","ping_status":"open","sticky":false,"template":"","format":"standard","meta":{"_jetpack_memberships_contains_paid_content":false,"footnotes":""},"categories":[9],"tags":[],"class_list":["post-18809","post","type-post","status-publish","format-standard","has-post-thumbnail","hentry","category-salud"],"jetpack_featured_media_url":"https:\/\/encuentroinformativo.com.mx\/wp-content\/uploads\/2021\/09\/ACAD0ABD-289B-46DE-A8A6-25549C70F2AE.jpeg","jetpack_sharing_enabled":true,"jetpack_likes_enabled":true,"amp_enabled":true,"_links":{"self":[{"href":"https:\/\/encuentroinformativo.com.mx\/index.php?rest_route=\/wp\/v2\/posts\/18809","targetHints":{"allow":["GET"]}}],"collection":[{"href":"https:\/\/encuentroinformativo.com.mx\/index.php?rest_route=\/wp\/v2\/posts"}],"about":[{"href":"https:\/\/encuentroinformativo.com.mx\/index.php?rest_route=\/wp\/v2\/types\/post"}],"author":[{"embeddable":true,"href":"https:\/\/encuentroinformativo.com.mx\/index.php?rest_route=\/wp\/v2\/users\/1"}],"replies":[{"embeddable":true,"href":"https:\/\/encuentroinformativo.com.mx\/index.php?rest_route=%2Fwp%2Fv2%2Fcomments&post=18809"}],"version-history":[{"count":1,"href":"https:\/\/encuentroinformativo.com.mx\/index.php?rest_route=\/wp\/v2\/posts\/18809\/revisions"}],"predecessor-version":[{"id":18812,"href":"https:\/\/encuentroinformativo.com.mx\/index.php?rest_route=\/wp\/v2\/posts\/18809\/revisions\/18812"}],"wp:featuredmedia":[{"embeddable":true,"href":"https:\/\/encuentroinformativo.com.mx\/index.php?rest_route=\/wp\/v2\/media\/18810"}],"wp:attachment":[{"href":"https:\/\/encuentroinformativo.com.mx\/index.php?rest_route=%2Fwp%2Fv2%2Fmedia&parent=18809"}],"wp:term":[{"taxonomy":"category","embeddable":true,"href":"https:\/\/encuentroinformativo.com.mx\/index.php?rest_route=%2Fwp%2Fv2%2Fcategories&post=18809"},{"taxonomy":"post_tag","embeddable":true,"href":"https:\/\/encuentroinformativo.com.mx\/index.php?rest_route=%2Fwp%2Fv2%2Ftags&post=18809"}],"curies":[{"name":"wp","href":"https:\/\/api.w.org\/{rel}","templated":true}]}}