{"id":1881,"date":"2020-04-15T19:34:28","date_gmt":"2020-04-16T00:34:28","guid":{"rendered":"https:\/\/encuentroinformativo.com\/?p=1881"},"modified":"2020-04-15T19:34:43","modified_gmt":"2020-04-16T00:34:43","slug":"diputados-de-morena-organizan-frente-de-unidad-ante-la-pandemia","status":"publish","type":"post","link":"https:\/\/encuentroinformativo.com.mx\/?p=1881","title":{"rendered":"Diputados de Morena organizan frente de unidad ante la pandemia"},"content":{"rendered":"\n<p><strong>*Lo m\u00e1s importante es la vida y la salud de las personas. Esteban Ram\u00edrez.<\/strong><\/p>\n\n\n\n<p>Xalapa, Ver.- El diputado local  Juan Javier G\u00f3mez Cazar\u00edn, presidente de la JUCOPO; Rodrigo Calder\u00f3n Salas, Diputado Federal Distrito VII Mart\u00ednez de la Torre; as\u00ed como los diputados locales Henri Christophe G\u00f3mez,   Adriana Esther Mart\u00ednez, del Distrito VII  Mart\u00ednez de la Torre; Carlos Jim\u00e9nez D\u00edaz, \u201cEl Potrillo\u201d, Diputado del Distrito  VIII de  Misantla; Carlos Torres y  Esteban Ram\u00edrez Zepeta,  tomaron la iniciativa de trabajar en equipo para gestionar apoyos para los veracruzanos,  en esta contingencia, que es cuando m\u00e1s se necesita.<\/p>\n\n\n\n<p>Ante lo cual legisladores se\u00f1alaron la importancia de sumar esfuerzos ante la problem\u00e1tica en materia de salud que se vive por el Covid-19.<\/p>\n\n\n\n<p>\u201cEs tiempo de unidad, los veracruzanos sabemos unirnos ante la adversidad, demostremos el ser humano que somos,   si trabajamos juntos lograremos salir adelante de esta situaci\u00f3n critica\u201d, se\u00f1al\u00f3 el diputado por Misantla, Carlos Jim\u00e9nez, El potrillo.<\/p>\n\n\n\n<p>Ante ello  los integrantes de este frente hacieron una invitaci\u00f3n abierta al sector empresarial,  a los funcionarios y a todos los veracruzanos  que tienen posibilidad de ayudar que se  sumen al  esfuerzo,  se espera que cada vez sean m\u00e1s aliados del pueblo veracruzano.<\/p>\n","protected":false},"excerpt":{"rendered":"<p>*Lo m\u00e1s importante es la vida y la salud de las personas. Esteban Ram\u00edrez. Xalapa, Ver.- El diputado local Juan Javier G\u00f3mez Cazar\u00edn, presidente de la JUCOPO; Rodrigo Calder\u00f3n Salas, Diputado Federal Distrito VII Mart\u00ednez de la Torre; as\u00ed como los diputados locales Henri Christophe G\u00f3mez, Adriana Esther Mart\u00ednez, del Distrito VII Mart\u00ednez de la [&hellip;]<\/p>\n","protected":false},"author":1,"featured_media":1882,"comment_status":"open","ping_status":"open","sticky":false,"template":"","format":"standard","meta":{"_jetpack_memberships_contains_paid_content":false,"footnotes":""},"categories":[2],"tags":[],"class_list":["post-1881","post","type-post","status-publish","format-standard","has-post-thumbnail","hentry","category-estado"],"jetpack_featured_media_url":"https:\/\/encuentroinformativo.com.mx\/wp-content\/uploads\/2020\/04\/84838061-28A1-4776-B3AC-428EEDCE0B0E.jpeg","jetpack_sharing_enabled":true,"jetpack_likes_enabled":true,"amp_enabled":true,"_links":{"self":[{"href":"https:\/\/encuentroinformativo.com.mx\/index.php?rest_route=\/wp\/v2\/posts\/1881","targetHints":{"allow":["GET"]}}],"collection":[{"href":"https:\/\/encuentroinformativo.com.mx\/index.php?rest_route=\/wp\/v2\/posts"}],"about":[{"href":"https:\/\/encuentroinformativo.com.mx\/index.php?rest_route=\/wp\/v2\/types\/post"}],"author":[{"embeddable":true,"href":"https:\/\/encuentroinformativo.com.mx\/index.php?rest_route=\/wp\/v2\/users\/1"}],"replies":[{"embeddable":true,"href":"https:\/\/encuentroinformativo.com.mx\/index.php?rest_route=%2Fwp%2Fv2%2Fcomments&post=1881"}],"version-history":[{"count":1,"href":"https:\/\/encuentroinformativo.com.mx\/index.php?rest_route=\/wp\/v2\/posts\/1881\/revisions"}],"predecessor-version":[{"id":1883,"href":"https:\/\/encuentroinformativo.com.mx\/index.php?rest_route=\/wp\/v2\/posts\/1881\/revisions\/1883"}],"wp:featuredmedia":[{"embeddable":true,"href":"https:\/\/encuentroinformativo.com.mx\/index.php?rest_route=\/wp\/v2\/media\/1882"}],"wp:attachment":[{"href":"https:\/\/encuentroinformativo.com.mx\/index.php?rest_route=%2Fwp%2Fv2%2Fmedia&parent=1881"}],"wp:term":[{"taxonomy":"category","embeddable":true,"href":"https:\/\/encuentroinformativo.com.mx\/index.php?rest_route=%2Fwp%2Fv2%2Fcategories&post=1881"},{"taxonomy":"post_tag","embeddable":true,"href":"https:\/\/encuentroinformativo.com.mx\/index.php?rest_route=%2Fwp%2Fv2%2Ftags&post=1881"}],"curies":[{"name":"wp","href":"https:\/\/api.w.org\/{rel}","templated":true}]}}