{"id":18821,"date":"2021-09-28T13:28:26","date_gmt":"2021-09-28T18:28:26","guid":{"rendered":"https:\/\/encuentroinformativo.com.mx\/?p=18821"},"modified":"2021-09-28T13:28:30","modified_gmt":"2021-09-28T18:28:30","slug":"demandan-cafeticultores-ampliar-beneficiarios-en-programas-de-bienestar","status":"publish","type":"post","link":"https:\/\/encuentroinformativo.com.mx\/?p=18821","title":{"rendered":"Demandan cafeticultores ampliar beneficiarios en programas de Bienestar"},"content":{"rendered":"\n<p><strong>Juan Arcos<\/strong><\/p>\n\n\n\n<p>Xalapa, Ver.- Organizaciones de cafeticultores exigieron al gobierno federal que incluya a un mayor n\u00famero de productores como beneficiarios del programa Producci\u00f3n para el Bienestar en el estado de Veracruz.<\/p>\n\n\n\n<p>Un grupo de ellos protest\u00f3 frente a Palacio de Gobierno para demandar tambi\u00e9n la creaci\u00f3n de una comisi\u00f3n reguladora de las importaciones de caf\u00e9, que sea presidida por el titular de la Secretar\u00eda de Desarrollo Agropecuario, Rural y Pesca (Sedarpa), Evaristo Ovando Ram\u00edrez.<\/p>\n\n\n\n<p>El asesor de la Coordinadora Nacional de Organizaciones Cafetaleras (CNOC), Fernando Celis Callejas, record\u00f3 que en la entidad hay cerca de 90 mil productores y s\u00f3lo unos mil forman parte del padr\u00f3n de beneficiarios en el programa mencionado.<\/p>\n\n\n\n<p>El entrevistado enfatiz\u00f3 que es necesario que sean contemplados m\u00e1s de 80 mil cafetaleros para recibir el apoyo federal de 6 mil 200 pesos, en una sola exhibici\u00f3n por a\u00f1o.<\/p>\n\n\n\n<p>\u201cHay un programa de producci\u00f3n para el bienestar que apoya con 6 mil 200 pesos, en Veracruz apoyan a m\u00e1s de 40 mil productores, hemos estado planteando que se aumente a cuando menos 70 mil u 80 mil productores\u201d.<\/p>\n\n\n\n<p>El entrevistado indic\u00f3 que tambi\u00e9n es necesario continuar las acciones para contener la plaga de la roya, misma que ha afectado los cultivos en a\u00f1os anteriores.<\/p>\n\n\n\n<p>\u201cLa roya no se quita, se puede controlar y s\u00ed se ha controlado en buena parte, hubo un clima m\u00e1s adecuado\u201d, expres\u00f3 Celis Callejas.\u00a0<\/p>\n\n\n\n<p>Los cafetaleros amagaron con seguir manifest\u00e1ndose en la capital del estado para exigir que haya mayores beneficios para los productores de caf\u00e9 de las distintas regiones del estado.<\/p>\n","protected":false},"excerpt":{"rendered":"<p>Juan Arcos Xalapa, Ver.- Organizaciones de cafeticultores exigieron al gobierno federal que incluya a un mayor n\u00famero de productores como beneficiarios del programa Producci\u00f3n para el Bienestar en el estado de Veracruz. Un grupo de ellos protest\u00f3 frente a Palacio de Gobierno para demandar tambi\u00e9n la creaci\u00f3n de una comisi\u00f3n reguladora de las importaciones de [&hellip;]<\/p>\n","protected":false},"author":1,"featured_media":18822,"comment_status":"open","ping_status":"open","sticky":false,"template":"","format":"standard","meta":{"_jetpack_memberships_contains_paid_content":false,"footnotes":""},"categories":[2],"tags":[],"class_list":["post-18821","post","type-post","status-publish","format-standard","has-post-thumbnail","hentry","category-estado"],"jetpack_featured_media_url":"https:\/\/encuentroinformativo.com.mx\/wp-content\/uploads\/2021\/09\/DFAE585A-D6D9-4BAD-9E1B-66207401C5E3.jpeg","jetpack_sharing_enabled":true,"jetpack_likes_enabled":true,"amp_enabled":true,"_links":{"self":[{"href":"https:\/\/encuentroinformativo.com.mx\/index.php?rest_route=\/wp\/v2\/posts\/18821","targetHints":{"allow":["GET"]}}],"collection":[{"href":"https:\/\/encuentroinformativo.com.mx\/index.php?rest_route=\/wp\/v2\/posts"}],"about":[{"href":"https:\/\/encuentroinformativo.com.mx\/index.php?rest_route=\/wp\/v2\/types\/post"}],"author":[{"embeddable":true,"href":"https:\/\/encuentroinformativo.com.mx\/index.php?rest_route=\/wp\/v2\/users\/1"}],"replies":[{"embeddable":true,"href":"https:\/\/encuentroinformativo.com.mx\/index.php?rest_route=%2Fwp%2Fv2%2Fcomments&post=18821"}],"version-history":[{"count":1,"href":"https:\/\/encuentroinformativo.com.mx\/index.php?rest_route=\/wp\/v2\/posts\/18821\/revisions"}],"predecessor-version":[{"id":18823,"href":"https:\/\/encuentroinformativo.com.mx\/index.php?rest_route=\/wp\/v2\/posts\/18821\/revisions\/18823"}],"wp:featuredmedia":[{"embeddable":true,"href":"https:\/\/encuentroinformativo.com.mx\/index.php?rest_route=\/wp\/v2\/media\/18822"}],"wp:attachment":[{"href":"https:\/\/encuentroinformativo.com.mx\/index.php?rest_route=%2Fwp%2Fv2%2Fmedia&parent=18821"}],"wp:term":[{"taxonomy":"category","embeddable":true,"href":"https:\/\/encuentroinformativo.com.mx\/index.php?rest_route=%2Fwp%2Fv2%2Fcategories&post=18821"},{"taxonomy":"post_tag","embeddable":true,"href":"https:\/\/encuentroinformativo.com.mx\/index.php?rest_route=%2Fwp%2Fv2%2Ftags&post=18821"}],"curies":[{"name":"wp","href":"https:\/\/api.w.org\/{rel}","templated":true}]}}