{"id":1884,"date":"2020-04-16T00:56:45","date_gmt":"2020-04-16T05:56:45","guid":{"rendered":"https:\/\/encuentroinformativo.com\/?p=1884"},"modified":"2020-04-16T00:56:47","modified_gmt":"2020-04-16T05:56:47","slug":"oficial-diputada-del-prd-se-suma-a-morena","status":"publish","type":"post","link":"https:\/\/encuentroinformativo.com.mx\/?p=1884","title":{"rendered":"Oficial, diputada del PRD se suma a Morena"},"content":{"rendered":"\n<p>Xalapa, Ver.- El presidente de la Junta de Coordinaci\u00f3n Pol\u00edtica y coordinador de los diputados de Morena, Juan Javier G\u00f3mez Cazar\u00edn, inform\u00f3 haber recibido por escrito la solicitud de la legisladora, Florencia Mart\u00ednez Rivera, con respuesta positiva de todos sus integrantes, para unirse a su bancada y ser as\u00ed un grupo legislativo con paridad de g\u00e9nero.<\/p>\n\n\n\n<p>Durante la Tercera Sesi\u00f3n Extraordinaria, celebrada el pasado 5 de marzo de este a\u00f1o, se dio a conocer un documento signado por la referida legisladora en el que manifest\u00f3 su voluntad de separaci\u00f3n y renuncia al ex grupo legislativo Mixto Del Lado Correcto de la Historia, el cual, al no contar con el m\u00ednimo de tres integrantes, qued\u00f3 desintegrado.<\/p>\n\n\n\n<p>Con la incorporaci\u00f3n de la diputada Florencia Mart\u00ednez Rivera, el Grupo Legislativo de Morena queda ahora compuesto por 28 integrantes manteniendo la mayor\u00eda en el Pleno del Congreso del Estado.<\/p>\n\n\n\n<p>La bancada del Partido Acci\u00f3n Nacional (PAN), cuenta con 13 diputadas y diputados; los grupos legislativos mixtos Partido Revolucionario Institucional-Partido Verde Ecologista de M\u00e9xico (PRI-PVEM) y Movimiento Ciudadano-Partido de la Revoluci\u00f3n Democr\u00e1tica (MC-PRD), con cuatro y tres respectivamente, mientras la diputada Mar\u00eda Candelas Francisco Doce y el diputado Gonzalo Gu\u00edzar Valladares no conforman grupo legislativo.<\/p>\n\n\n\n<p>La diputada Mart\u00ednez Rivera preside la Comisi\u00f3n Permanente de Desarrollo y Fortalecimiento Municipal, es secretaria de la Comisi\u00f3n Permanente de Desarrollo Metropolitano y vocal de las comisiones Permanente de Vigilancia y especiales de la Industria Azucarera, Alcoholera y sus Derivados, para el Seguimiento de la Agenda 2030 y los Objetivos de Desarrollo Sostenible, para el Seguimiento a la Problem\u00e1tica de la Desaparici\u00f3n de Personas en el Estado de Veracruz y para la Atenci\u00f3n, Fomento, Producci\u00f3n, Industrializaci\u00f3n y Comercializaci\u00f3n del Cultivo del Hule Veracruzano.<\/p>\n","protected":false},"excerpt":{"rendered":"<p>Xalapa, Ver.- El presidente de la Junta de Coordinaci\u00f3n Pol\u00edtica y coordinador de los diputados de Morena, Juan Javier G\u00f3mez Cazar\u00edn, inform\u00f3 haber recibido por escrito la solicitud de la legisladora, Florencia Mart\u00ednez Rivera, con respuesta positiva de todos sus integrantes, para unirse a su bancada y ser as\u00ed un grupo legislativo con paridad de [&hellip;]<\/p>\n","protected":false},"author":1,"featured_media":1885,"comment_status":"open","ping_status":"open","sticky":false,"template":"","format":"standard","meta":{"_jetpack_memberships_contains_paid_content":false,"footnotes":""},"categories":[2],"tags":[],"class_list":["post-1884","post","type-post","status-publish","format-standard","has-post-thumbnail","hentry","category-estado"],"jetpack_featured_media_url":"https:\/\/encuentroinformativo.com.mx\/wp-content\/uploads\/2020\/04\/69F55124-6496-45E8-9E86-040CF4A91ABF.jpeg","jetpack_sharing_enabled":true,"jetpack_likes_enabled":true,"amp_enabled":true,"_links":{"self":[{"href":"https:\/\/encuentroinformativo.com.mx\/index.php?rest_route=\/wp\/v2\/posts\/1884","targetHints":{"allow":["GET"]}}],"collection":[{"href":"https:\/\/encuentroinformativo.com.mx\/index.php?rest_route=\/wp\/v2\/posts"}],"about":[{"href":"https:\/\/encuentroinformativo.com.mx\/index.php?rest_route=\/wp\/v2\/types\/post"}],"author":[{"embeddable":true,"href":"https:\/\/encuentroinformativo.com.mx\/index.php?rest_route=\/wp\/v2\/users\/1"}],"replies":[{"embeddable":true,"href":"https:\/\/encuentroinformativo.com.mx\/index.php?rest_route=%2Fwp%2Fv2%2Fcomments&post=1884"}],"version-history":[{"count":1,"href":"https:\/\/encuentroinformativo.com.mx\/index.php?rest_route=\/wp\/v2\/posts\/1884\/revisions"}],"predecessor-version":[{"id":1886,"href":"https:\/\/encuentroinformativo.com.mx\/index.php?rest_route=\/wp\/v2\/posts\/1884\/revisions\/1886"}],"wp:featuredmedia":[{"embeddable":true,"href":"https:\/\/encuentroinformativo.com.mx\/index.php?rest_route=\/wp\/v2\/media\/1885"}],"wp:attachment":[{"href":"https:\/\/encuentroinformativo.com.mx\/index.php?rest_route=%2Fwp%2Fv2%2Fmedia&parent=1884"}],"wp:term":[{"taxonomy":"category","embeddable":true,"href":"https:\/\/encuentroinformativo.com.mx\/index.php?rest_route=%2Fwp%2Fv2%2Fcategories&post=1884"},{"taxonomy":"post_tag","embeddable":true,"href":"https:\/\/encuentroinformativo.com.mx\/index.php?rest_route=%2Fwp%2Fv2%2Ftags&post=1884"}],"curies":[{"name":"wp","href":"https:\/\/api.w.org\/{rel}","templated":true}]}}