{"id":18845,"date":"2021-09-29T09:19:47","date_gmt":"2021-09-29T14:19:47","guid":{"rendered":"https:\/\/encuentroinformativo.com.mx\/?p=18845"},"modified":"2021-09-29T09:19:51","modified_gmt":"2021-09-29T14:19:51","slug":"y-donde-esta-el-chofer","status":"publish","type":"post","link":"https:\/\/encuentroinformativo.com.mx\/?p=18845","title":{"rendered":"\u00bfY D\u00d3NDE EST\u00c1 EL CHOFER?"},"content":{"rendered":"\n<p><strong>ColumnaSinNombre<br>@pablojair<\/strong><\/p>\n\n\n\n<ul class=\"wp-block-list\"><li>Se roban girasoles en Coatzacoalcos.<\/li><li>Morena arrasar\u00eda otra vez en gubernaturas.<\/li><li>Lopez Obrador no necesita enemigos.<\/li><\/ul>\n\n\n\n<p>La moraleja es: no sean tan est\u00fapidos<br>como para tomarse fotos<br>paseando en una aeronave oficial<br>&#8211;Chopenjawer<\/p>\n\n\n\n<p>Podr\u00eda ser que en las pr\u00f3ximas horas se informe respecto a c\u00f3mo van las investigaciones respecto al fuerte accidente del pasado mi\u00e9rcoles 21 de septiembre, en el bulevar Banderilla-Xalapa, donde un autob\u00fas mat\u00f3 al menos a tres personas.<\/p>\n\n\n\n<p>Este accidente conmocion\u00f3 por la manera en que el autob\u00fas embisti\u00f3 a toda velocidad y sin frenos a por lo menos 9 veh\u00edculos en un largo tramo del bulevar.<\/p>\n\n\n\n<p>La noche del domingo, en un recorrido, nos comenta un testigo que todo el asunto habr\u00eda comenzado desde la zona conocida como La Martinica, para terminar la loca carrera del autob\u00fas de pasajeros hasta por donde est\u00e1 el paso elevado del ferrocarril, ya casi en donde est\u00e1n las instalaciones de Pemex.<\/p>\n\n\n\n<p>Este mismo testigo platica que seg\u00fan el autob\u00fas ven\u00eda sin frenos desde la autopista, aunque esta versi\u00f3n no es tan cre\u00edble porque existen al menos dos pendientes que habr\u00edan ayudado mucho para disminuir la velocidad del cami\u00f3n. La \u00faltima est\u00e1 precisamente entrando a La Martinica (donde tambi\u00e9n hay obst\u00e1culos como \u00e1rboles o acotaciones para maniobrar y tratar de frenar) y es un tramo de al menos 250 metros en subida leve.<\/p>\n\n\n\n<p>Fuentes del transporte de turismo, indican que de todas maneras el asunto estuvo muy raro porque un operador experto habr\u00eda podido detener o bajar bastante la velocidad; que el perder el freno ya de entrada ser\u00eda un caso muy inusitado, pero de todas maneras hay al menos dos formas de emergencia: aplicar el freno estacionario u otro que llaman &#8220;retardador&#8221;, que no lo detiene por completo, pero evita que aumente la velocidad.<\/p>\n\n\n\n<p>En resumen, las mismas fuentes refieren que esto evidentemente fue una falta de pericia muy lamentable. Habr\u00eda que anotar: pese a lo aparatoso del accidente, el chofer salv\u00f3 la vida de sus pasajeros, pero no evit\u00f3 llevarse a tres inocentes.<\/p>\n\n\n\n<p><strong>\u00bfCHOFER ADICTO?<\/strong><\/p>\n\n\n\n<p>De acuerdo a lo recabado por este autor, el due\u00f1o de la unidad es quien maneja desde hace muchos a\u00f1os su propio cami\u00f3n; es una persona que tiene bastante experiencia como operador de transporte de turismo y por eso hab\u00eda inicialmente la suposici\u00f3n de que quiz\u00e1s era otro chofer novato el que llevaba la pesada unidad.<\/p>\n\n\n\n<p>De acuerdo a reportes period\u00edsticos, ven\u00eda de San Mart\u00edn Texmelucan, donde los pasajeros adquieren ropa para vender. Su entrada a Xalapa es porque es paso obligado en su ruta.<\/p>\n\n\n\n<p>Un video que circula en redes sociales da cuenta de la rapid\u00edsima velocidad con la que va embistiendo varios veh\u00edculos sobre el bulevar, logrando frenarse a la altura de las instalaciones de Pemex ya que un veh\u00edculo Tsuru qued\u00f3 prensado frente al cami\u00f3n y le sirvi\u00f3 como &#8220;freno&#8221;, matando a los dos ocupantes en su interior.<\/p>\n\n\n\n<p>En el mismo video se ve como el veh\u00edculo Tsuru llega a incorporarse al sem\u00e1foro que se encuentra a la altura de la entrada a la exhacienda Lucas Mart\u00edn, as\u00ed como al menos dos trailers de carga; de igual manera se ven al menos tres veh\u00edculos &#8211;aparentemente sin pasajeros&#8211; que est\u00e1n estacionados a un lado de la banqueta.<\/p>\n\n\n\n<p>Ah\u00ed la desgracia fue mayor, porque aparte de que se llev\u00f3 varios veh\u00edculos en ese punto, todav\u00eda tard\u00f3 m\u00e1s de un kil\u00f3metro en lograr frenarse.<\/p>\n\n\n\n<p>El chofer, se sabe, logr\u00f3 escapar y hasta al cierre de esta columna no hab\u00eda reporte de su captura.<\/p>\n\n\n\n<p>Horas m\u00e1s tarde de lo ocurrido, el gobernador Cuitl\u00e1huac Garc\u00eda Jim\u00e9nez habl\u00f3 del fatal accidente. En su intervenci\u00f3n coment\u00f3 algo contundente: &#8220;la Fiscal nos inform\u00f3 que hay presuntamente una culpabilidad muy grave en el conductor&#8221;.<\/p>\n\n\n\n<p>Y es que existen versiones de que el chofer, pese a la experiencia acumulada en el camino, se habr\u00eda metido en los \u00faltimos a\u00f1os a presuntos problemas de alcoholismo y drogadicci\u00f3n, adem\u00e1s de que poco descansaba en sus viajes y no dorm\u00eda lo suficiente para viajar alerta.<\/p>\n\n\n\n<p><strong>NO SE PODR\u00cdA RESTRINGIR PASO; SI ACASO, OPERATIVO CARRUSEL<\/strong><\/p>\n\n\n\n<p>Pese a que existen voces que piden el cierre del paso a veh\u00edculos pesados en esa v\u00eda o que se definan horarios, no se podr\u00eda restringir el paso porque no hay otra v\u00eda alterna, salvo la carretera de cuota (el nuevo libramiento) por el cual no est\u00e1n obligados a pasar los transportistas.<\/p>\n\n\n\n<p>Y es que de acuerdo al libre tr\u00e1nsito, los choferes de unidades pesadas &#8211;que se ven circulando a todas horas desde Las Trancas hasta Banderilla y viceversa&#8211; pueden circular por la ciudad porque esa es la carretera libre, el libramiento original, salvo que la mancha urbana finalmente &#8220;trag\u00f3&#8221; la carretera y la convirti\u00f3 en una avenida, pero sigue siendo el paso libre.<\/p>\n\n\n\n<p>Si quisieran evitar que las unidades pesadas pasaran por Xalapa, entonces tendr\u00edan que construir otro libramiento de paso libre, sin cuota.<\/p>\n\n\n\n<p>En el caso de las unidades de turismo, se sabe que ellos por su denominaci\u00f3n y pago de derecho &#8211;de acuerdo a conocidos de esta industria&#8211; tienen permiso para transitar dentro de las ciudades; que en todo caso podr\u00eda prohib\u00edrseles que vayan en v\u00edas r\u00e1pidas o que tomen laterales para circular, como ocurre en Toluca, Ciudad de M\u00e9xico o Guadalajara, por citar algunos ejemplos.<\/p>\n\n\n\n<p>El problema con el bulevar Banderilla-Xalapa (que luego se transforma en la avenida L\u00e1zaro C\u00e1rdenas y luego en carretera Xalapa-Veracruz) es que no existe ninguna v\u00eda r\u00e1pida, ni ninguna lateral.<\/p>\n\n\n\n<p>Una soluci\u00f3n que podr\u00eda ayudar a esta problem\u00e1tica es que nuevamente se implementara el operativo &#8220;carrusel&#8221;.<\/p>\n\n\n\n<p>En tiempos del defenestrado Duarte, se ve\u00edan carpas de Seguridad P\u00fablica y Tr\u00e1nsito del Estado en la entrada de la ciudad capital, donde deten\u00edan a los veh\u00edculos pesados y los escoltaban en grupo a cierta velocidad para llevarlos hasta la salida (ya fuese Banderilla o Las Trancas).<\/p>\n\n\n\n<p>Se dice que el motivo por el cual se dej\u00f3 de hacer ese tipo de operativo es porque el agente de Tr\u00e1nsito se le estaba yendo una buena &#8220;mordida&#8221; de entre 300 a 500 pesos por transportista.<\/p>\n\n\n\n<p>El tema aqu\u00ed es que ojal\u00e1 no haya otro accidente de esa magnitud y en verdad se aplicaran a vigilar la entrada de veh\u00edculos pesados en la zona urbana de Xalapa, que ya de por s\u00ed est\u00e1 cargada de bastante tr\u00e1fico.<\/p>\n\n\n\n<p><strong>NOTA PARA PEGAR EN EL REFRI: <\/strong>Ni bien estuvieron plantando los hermosos girasoles en camellones de algunas avenidas de Coatzacoalcos, cuando este martes aparecieron arrancados por gente que en lugar de comprar los propios prefieren darle en la madre al patrimonio p\u00fablico. Desgraciadamente es un h\u00e1bito muy com\u00fan en el sur de Veracruz robarse hasta las flores del vecino. Por algo son la sociedad que son.<\/p>\n\n\n\n<p><strong>OTRA NOTA: <\/strong>Lo comenta la empresa de an\u00e1lisis pol\u00edtico y encuestadora POLLS.MX: \u201cMovimiento Regeneraci\u00f3n Nacional (Morena) se encuentra en el primer puesto de intenci\u00f3n de voto en cinco de los seis estados que elegir\u00e1n gobernador en 2022 (Durango, Hidalgo, Oaxaca, Quintana Roo y Tamaulipas), mientras que el Partido Acci\u00f3n Nacional (PAN) est\u00e1 arriba en uno (Aguascalientes), conforme a los datos presentados por Demoscopia Digital y Enkoll (Tamaulipas)\u2026 Si estas intenciones de voto terminaran siendo realidad, el PAN perder\u00eda dos gubernaturas, al igual que el Partido Revolucionario Institucional y el Partido de la Revoluci\u00f3n Democr\u00e1tica (PRD) perder\u00eda una, al tiempo que Morena agregar\u00eda cinco bajo su mandato. Por lo tanto, el panorama de gubernaturas cambiar\u00eda de la siguiente manera: Morena tendr\u00eda 11, el PRI 10, el PAN 7, y tanto el PRD, como Movimiento Ciudadano (MC), el Partido Encuentro Social (PES) y un Independiente tendr\u00edan 1 cada uno; es decir, el PRI tendr\u00eda su menor cantidad de gubernaturas de la historia; y el PAN tambi\u00e9n su menor n\u00famero desde 2016, cuando gobernaba a seis estados\u201d.<\/p>\n\n\n\n<p><strong>LA \u00daLTIMA PORQUE ESTOY PICADO CON LA SERIE DE LOS OCEANOS DRENADOS:<\/strong> Un amigo me comenta algo que tiene bastante l\u00f3gica, viendo los recientes eventos donde Andr\u00e9s Manuel L\u00f3pez Obrador anda muy internacionalista: \u201cel presidente ya no tiene enemigos locales y por eso anda en reflectores mundiales\u201d\u2026 Y s\u00ed: aqu\u00ed ya pr\u00e1cticamente resolvi\u00f3 la sucesi\u00f3n y est\u00e1 amarrando asuntos en el Congreso y de su salida. No por nada supuestamente anda creando distractores en asuntos que aparentemente no tienen relevancia nacional, pero s\u00ed le dan proyecci\u00f3n global. Est\u00e1 como coloc\u00e1ndose en una agenda al nivel de popularidad que lleg\u00f3 a tener el presidente brasile\u00f1o Lula Da Silva, viendo que aqu\u00ed pr\u00e1cticamente ya no tiene rivales pol\u00edticos a vencer o con los cuales confrontarse (el que le llamaba \u201cloco\u201d, pr\u00e1cticamente est\u00e1 en el autoexilio). Parece mentira, pero estrategias tan simples como las conferencias \u201cma\u00f1aneras\u201d le siguen sirviendo para marcar la agenda nacional y AMLO, aunque se ve lento en su hablar y andar, es todo un zorro de la pol\u00edtica que le causa hasta agruras a sus m\u00e1s f\u00e9rreos cr\u00edticos.<\/p>\n","protected":false},"excerpt":{"rendered":"<p>ColumnaSinNombre@pablojair Se roban girasoles en Coatzacoalcos. Morena arrasar\u00eda otra vez en gubernaturas. Lopez Obrador no necesita enemigos. La moraleja es: no sean tan est\u00fapidoscomo para tomarse fotospaseando en una aeronave oficial&#8211;Chopenjawer Podr\u00eda ser que en las pr\u00f3ximas horas se informe respecto a c\u00f3mo van las investigaciones respecto al fuerte accidente del pasado mi\u00e9rcoles 21 de [&hellip;]<\/p>\n","protected":false},"author":1,"featured_media":488,"comment_status":"open","ping_status":"open","sticky":false,"template":"","format":"standard","meta":{"_jetpack_memberships_contains_paid_content":false,"footnotes":""},"categories":[11],"tags":[],"class_list":["post-18845","post","type-post","status-publish","format-standard","has-post-thumbnail","hentry","category-opinion"],"jetpack_featured_media_url":"https:\/\/encuentroinformativo.com.mx\/wp-content\/uploads\/2020\/03\/F471F608-BA1A-416B-BA7B-BCFB24F4E6D0.jpeg","jetpack_sharing_enabled":true,"jetpack_likes_enabled":true,"amp_enabled":true,"_links":{"self":[{"href":"https:\/\/encuentroinformativo.com.mx\/index.php?rest_route=\/wp\/v2\/posts\/18845","targetHints":{"allow":["GET"]}}],"collection":[{"href":"https:\/\/encuentroinformativo.com.mx\/index.php?rest_route=\/wp\/v2\/posts"}],"about":[{"href":"https:\/\/encuentroinformativo.com.mx\/index.php?rest_route=\/wp\/v2\/types\/post"}],"author":[{"embeddable":true,"href":"https:\/\/encuentroinformativo.com.mx\/index.php?rest_route=\/wp\/v2\/users\/1"}],"replies":[{"embeddable":true,"href":"https:\/\/encuentroinformativo.com.mx\/index.php?rest_route=%2Fwp%2Fv2%2Fcomments&post=18845"}],"version-history":[{"count":1,"href":"https:\/\/encuentroinformativo.com.mx\/index.php?rest_route=\/wp\/v2\/posts\/18845\/revisions"}],"predecessor-version":[{"id":18846,"href":"https:\/\/encuentroinformativo.com.mx\/index.php?rest_route=\/wp\/v2\/posts\/18845\/revisions\/18846"}],"wp:featuredmedia":[{"embeddable":true,"href":"https:\/\/encuentroinformativo.com.mx\/index.php?rest_route=\/wp\/v2\/media\/488"}],"wp:attachment":[{"href":"https:\/\/encuentroinformativo.com.mx\/index.php?rest_route=%2Fwp%2Fv2%2Fmedia&parent=18845"}],"wp:term":[{"taxonomy":"category","embeddable":true,"href":"https:\/\/encuentroinformativo.com.mx\/index.php?rest_route=%2Fwp%2Fv2%2Fcategories&post=18845"},{"taxonomy":"post_tag","embeddable":true,"href":"https:\/\/encuentroinformativo.com.mx\/index.php?rest_route=%2Fwp%2Fv2%2Ftags&post=18845"}],"curies":[{"name":"wp","href":"https:\/\/api.w.org\/{rel}","templated":true}]}}