{"id":18849,"date":"2021-09-29T12:20:38","date_gmt":"2021-09-29T17:20:38","guid":{"rendered":"https:\/\/encuentroinformativo.com.mx\/?p=18849"},"modified":"2021-09-29T12:20:55","modified_gmt":"2021-09-29T17:20:55","slug":"confirman-a-trabajadores-de-secundaria-industrial-con-covid","status":"publish","type":"post","link":"https:\/\/encuentroinformativo.com.mx\/?p=18849","title":{"rendered":"Confirman a trabajadores de Secundaria Industrial con Covid"},"content":{"rendered":"\n<p><strong>Juan Arcos <\/strong><\/p>\n\n\n\n<p>Xalapa, Ver.- Tres trabajadores, entre ellos un profesor de ingl\u00e9s, han dado positivo al SARS-COV-2 (COVID-19) y tenido contacto directo con estudiantes de la escuela secundaria t\u00e9cnica industrial n\u00famero 3 de la ciudad de Xalapa, durante las clases presenciales.<\/p>\n\n\n\n<p>El caso m\u00e1s reciente se detect\u00f3 el mi\u00e9rcoles de la semana pasada. Se trata del maestro de la materia de ingl\u00e9s, quien present\u00f3 los resultados de la prueba e inform\u00f3 que su esposa tambi\u00e9n dio positivo.<\/p>\n\n\n\n<p>Ese mismo d\u00eda, la Direcci\u00f3n del plantel emiti\u00f3 un aviso donde informaba que se trataba del contagio de un familiar de un docente, ocultando nuevamente informaci\u00f3n al respecto.<\/p>\n\n\n\n<p>\u201cYa son tres compa\u00f1eros que est\u00e1n contagiados y estos sigue normal. La Directora miente, yo no s\u00e9 si esa sea la indicaci\u00f3n\u201d, comentaron algunos trabajadores de la instituci\u00f3n, quienes solicitaron el anonimato por temor a ser despedidos.<\/p>\n\n\n\n<p>Consideraron que el protocolo para el retorno a las aulas durante esta pandemia ha \u201cfracasado\u201d y requiere ser modificado para garantizar la salud e integridad de la comunidad acad\u00e9mica.<\/p>\n\n\n\n<p>\u201cNo nos est\u00e1n otorgando informaci\u00f3n ver\u00eddica, somos as\u00ed como el experimento del protocolo y ese protocolo no puede ser as\u00ed y no se vale que sigan ocultando las cosas\u201d, enfatizaron.<\/p>\n\n\n\n<p>En el aviso de la Direcci\u00f3n se informa sobre la suspensi\u00f3n de clases del segundo grado en los grupos A, B, C, D y F, debido a que el familiar de un docente dio positivo al coronavirus.<\/p>\n\n\n\n<p>Hace unas semanas se inform\u00f3 sobre una coordinadora que tambi\u00e9n se contagi\u00f3, al igual que su pareja sentimental, quien es el encargado del mantenimiento del equipo de c\u00f3mputo, por lo que ha ingresado a las aulas.<\/p>\n\n\n\n<p>La directora del plantel, Ernestina del Callejo \u00c1ngeles, ha confirmado al personal que el docente de ingl\u00e9s tambi\u00e9n dio positivo; sin embargo, asegur\u00f3 que era necesario evitar el p\u00e1nico entre los estudiantes y padres de familia.<\/p>\n\n\n\n<p>El personal reprob\u00f3 que el titular de la Secretar\u00eda de Educaci\u00f3n de Veracruz (SEV), Zenyazen Escobar Garc\u00eda, haya declarado que los casos positivos detectados en planteles educativos s\u00f3lo sean \u201crumores\u201d.<\/p>\n","protected":false},"excerpt":{"rendered":"<p>Juan Arcos Xalapa, Ver.- Tres trabajadores, entre ellos un profesor de ingl\u00e9s, han dado positivo al SARS-COV-2 (COVID-19) y tenido contacto directo con estudiantes de la escuela secundaria t\u00e9cnica industrial n\u00famero 3 de la ciudad de Xalapa, durante las clases presenciales. El caso m\u00e1s reciente se detect\u00f3 el mi\u00e9rcoles de la semana pasada. Se trata [&hellip;]<\/p>\n","protected":false},"author":1,"featured_media":18850,"comment_status":"open","ping_status":"open","sticky":false,"template":"","format":"standard","meta":{"_jetpack_memberships_contains_paid_content":false,"footnotes":""},"categories":[9],"tags":[],"class_list":["post-18849","post","type-post","status-publish","format-standard","has-post-thumbnail","hentry","category-salud"],"jetpack_featured_media_url":"https:\/\/encuentroinformativo.com.mx\/wp-content\/uploads\/2021\/09\/663E0868-5424-4379-A1EF-0BECACD35A7B.jpeg","jetpack_sharing_enabled":true,"jetpack_likes_enabled":true,"amp_enabled":true,"_links":{"self":[{"href":"https:\/\/encuentroinformativo.com.mx\/index.php?rest_route=\/wp\/v2\/posts\/18849","targetHints":{"allow":["GET"]}}],"collection":[{"href":"https:\/\/encuentroinformativo.com.mx\/index.php?rest_route=\/wp\/v2\/posts"}],"about":[{"href":"https:\/\/encuentroinformativo.com.mx\/index.php?rest_route=\/wp\/v2\/types\/post"}],"author":[{"embeddable":true,"href":"https:\/\/encuentroinformativo.com.mx\/index.php?rest_route=\/wp\/v2\/users\/1"}],"replies":[{"embeddable":true,"href":"https:\/\/encuentroinformativo.com.mx\/index.php?rest_route=%2Fwp%2Fv2%2Fcomments&post=18849"}],"version-history":[{"count":1,"href":"https:\/\/encuentroinformativo.com.mx\/index.php?rest_route=\/wp\/v2\/posts\/18849\/revisions"}],"predecessor-version":[{"id":18851,"href":"https:\/\/encuentroinformativo.com.mx\/index.php?rest_route=\/wp\/v2\/posts\/18849\/revisions\/18851"}],"wp:featuredmedia":[{"embeddable":true,"href":"https:\/\/encuentroinformativo.com.mx\/index.php?rest_route=\/wp\/v2\/media\/18850"}],"wp:attachment":[{"href":"https:\/\/encuentroinformativo.com.mx\/index.php?rest_route=%2Fwp%2Fv2%2Fmedia&parent=18849"}],"wp:term":[{"taxonomy":"category","embeddable":true,"href":"https:\/\/encuentroinformativo.com.mx\/index.php?rest_route=%2Fwp%2Fv2%2Fcategories&post=18849"},{"taxonomy":"post_tag","embeddable":true,"href":"https:\/\/encuentroinformativo.com.mx\/index.php?rest_route=%2Fwp%2Fv2%2Ftags&post=18849"}],"curies":[{"name":"wp","href":"https:\/\/api.w.org\/{rel}","templated":true}]}}