{"id":18861,"date":"2021-09-29T17:02:55","date_gmt":"2021-09-29T22:02:55","guid":{"rendered":"https:\/\/encuentroinformativo.com.mx\/?p=18861"},"modified":"2021-09-29T17:03:05","modified_gmt":"2021-09-29T22:03:05","slug":"madres-reclaman-docente-para-kinder-en-tepetlan","status":"publish","type":"post","link":"https:\/\/encuentroinformativo.com.mx\/?p=18861","title":{"rendered":"Madres reclaman docente para k\u00ednder en Tepetl\u00e1n"},"content":{"rendered":"\n<p><strong>Juan Arcos<\/strong><\/p>\n\n\n\n<p>Xalapa, Ver.- Un grupo de madres de familia protest\u00f3 en la Subdirecci\u00f3n de Educaci\u00f3n Preescolar, en la ciudad de Xalapa, para exigir la asignaci\u00f3n de docentes en el jard\u00edn de ni\u00f1os \u201cGabriel Lucio Arg\u00fcelles\u201d de la comunidad Mafafas, municipio de Tepetl\u00e1n.<\/p>\n\n\n\n<p>Dulce Marlene Salas Rodr\u00edguez, una de los inconformes, indic\u00f3 que desde hace dos a\u00f1os han solicitado dicha situaci\u00f3n a la Secretar\u00eda de Educaci\u00f3n de Veracruz (SEV), pero hasta el momento no han recibido una respuesta favorable.<\/p>\n\n\n\n<p>\u201cLa maestra que atiende a nuestros hijos tiene un grupo de 30 alumnos, no se da abasto. Al entrar a la escuela, nada m\u00e1s ir\u00eda una vez por semana, no aprender\u00eda nada mi hija\u201d, expres\u00f3.<\/p>\n\n\n\n<p>La entrevistada indic\u00f3 que debe garantizarse el derecho a la educaci\u00f3n de los menores y, por ello, es necesaria la asignaci\u00f3n de docentes en el plantel mencionado.<\/p>\n\n\n\n<p>Desde 2019, diversas madres de familia han acudido a las oficinas de la dependencia, ubicadas sobre la calle Sebasti\u00e1n Camacho, en el centro de la capital del estado.<\/p>\n\n\n\n<p>\u201cHan venido otras mam\u00e1s en a\u00f1os pasados pero no les han resuelto nada, por eso venimos nosotras otra vez\u201d.<\/p>\n\n\n\n<p>Autoridades de la Subdirecci\u00f3n de Educaci\u00f3n Preescolar entregaron un oficio a las quejosas para la asignaci\u00f3n de un docente por un periodo de tres meses para dicho preescolar.<\/p>\n\n\n\n<p>\u201cSeg\u00fan en noviembre ser\u00e1 el nombramiento, llevamos m\u00e1s de dos a\u00f1os con este problema de la falta de maestros, empezamos a meter oficios para esto. Nosotros nada m\u00e1s tenemos una directora y una maestra\u201d.<\/p>\n\n\n\n<p>En el plantel hay una matr\u00edcula de 36 alumnos: 30 en el tercer grado y seis en el segundo grado.<\/p>\n\n\n\n<p>\u201cEn tercero necesitamos m\u00e1s maestros. No hay clases presenciales porque son muchos ni\u00f1os y no hay maestros, ir\u00edan nada m\u00e1s un d\u00eda a la semana\u201d, enfatizaron.<\/p>\n","protected":false},"excerpt":{"rendered":"<p>Juan Arcos Xalapa, Ver.- Un grupo de madres de familia protest\u00f3 en la Subdirecci\u00f3n de Educaci\u00f3n Preescolar, en la ciudad de Xalapa, para exigir la asignaci\u00f3n de docentes en el jard\u00edn de ni\u00f1os \u201cGabriel Lucio Arg\u00fcelles\u201d de la comunidad Mafafas, municipio de Tepetl\u00e1n. Dulce Marlene Salas Rodr\u00edguez, una de los inconformes, indic\u00f3 que desde hace [&hellip;]<\/p>\n","protected":false},"author":1,"featured_media":18862,"comment_status":"open","ping_status":"open","sticky":false,"template":"","format":"standard","meta":{"_jetpack_memberships_contains_paid_content":false,"footnotes":""},"categories":[3],"tags":[],"class_list":["post-18861","post","type-post","status-publish","format-standard","has-post-thumbnail","hentry","category-xalapa"],"jetpack_featured_media_url":"https:\/\/encuentroinformativo.com.mx\/wp-content\/uploads\/2021\/09\/C878CF12-F458-48DD-A452-251D3FA8E68B.jpeg","jetpack_sharing_enabled":true,"jetpack_likes_enabled":true,"amp_enabled":true,"_links":{"self":[{"href":"https:\/\/encuentroinformativo.com.mx\/index.php?rest_route=\/wp\/v2\/posts\/18861","targetHints":{"allow":["GET"]}}],"collection":[{"href":"https:\/\/encuentroinformativo.com.mx\/index.php?rest_route=\/wp\/v2\/posts"}],"about":[{"href":"https:\/\/encuentroinformativo.com.mx\/index.php?rest_route=\/wp\/v2\/types\/post"}],"author":[{"embeddable":true,"href":"https:\/\/encuentroinformativo.com.mx\/index.php?rest_route=\/wp\/v2\/users\/1"}],"replies":[{"embeddable":true,"href":"https:\/\/encuentroinformativo.com.mx\/index.php?rest_route=%2Fwp%2Fv2%2Fcomments&post=18861"}],"version-history":[{"count":2,"href":"https:\/\/encuentroinformativo.com.mx\/index.php?rest_route=\/wp\/v2\/posts\/18861\/revisions"}],"predecessor-version":[{"id":18864,"href":"https:\/\/encuentroinformativo.com.mx\/index.php?rest_route=\/wp\/v2\/posts\/18861\/revisions\/18864"}],"wp:featuredmedia":[{"embeddable":true,"href":"https:\/\/encuentroinformativo.com.mx\/index.php?rest_route=\/wp\/v2\/media\/18862"}],"wp:attachment":[{"href":"https:\/\/encuentroinformativo.com.mx\/index.php?rest_route=%2Fwp%2Fv2%2Fmedia&parent=18861"}],"wp:term":[{"taxonomy":"category","embeddable":true,"href":"https:\/\/encuentroinformativo.com.mx\/index.php?rest_route=%2Fwp%2Fv2%2Fcategories&post=18861"},{"taxonomy":"post_tag","embeddable":true,"href":"https:\/\/encuentroinformativo.com.mx\/index.php?rest_route=%2Fwp%2Fv2%2Ftags&post=18861"}],"curies":[{"name":"wp","href":"https:\/\/api.w.org\/{rel}","templated":true}]}}