{"id":18867,"date":"2021-09-30T10:40:27","date_gmt":"2021-09-30T15:40:27","guid":{"rendered":"https:\/\/encuentroinformativo.com.mx\/?p=18867"},"modified":"2021-09-30T10:40:30","modified_gmt":"2021-09-30T15:40:30","slug":"reclaman-investigadores-del-inecol-contrato-colectivo-de-trabajo","status":"publish","type":"post","link":"https:\/\/encuentroinformativo.com.mx\/?p=18867","title":{"rendered":"Reclaman investigadores del INECOL, contrato colectivo de trabajo"},"content":{"rendered":"\n<p><strong>Juan Arcos <\/strong><\/p>\n\n\n\n<p>Xalapa, Ver.- Investigadores del Consejo Nacional de Ciencia y Tecnolog\u00eda (Conacyt) protestaron afuera del Instituto Nacional de Ecolog\u00eda (Inecol) para exigir que sean respetados sus derechos laborales.<\/p>\n\n\n\n<p>Se trata de integrantes del Sindicato Independiente de Trabajadoras y Trabajadores de Investigaci\u00f3n de C\u00e1tedras Conacyt (Siintracatedras), quienes dieron a conocer que las manifestaciones se llevaron a cabo de manera simult\u00e1nea en otros estados como en Ciudad de M\u00e9xico, Aguascalientes, Oaxaca, Chiapas y Yucat\u00e1n.<\/p>\n\n\n\n<p>De acuerdo con Erick Gal\u00e1n Castro, catedr\u00e1tico Conacyt adscrito a la Universidad Aut\u00f3noma de Guerrero, el mi\u00e9rcoles 29 de septiembre la Junta Federal de Conciliaci\u00f3n y Arbitraje les neg\u00f3 la posibilidad de ejercer su derecho a huelga.<\/p>\n\n\n\n<p>Esto ocurri\u00f3 despu\u00e9s de que los acad\u00e9micos demandaran un contrato colectivo de trabajo al Conacyt para exigir estabilidad laboral.<\/p>\n\n\n\n<p>El entrevistado record\u00f3 que se han dado m\u00e1s del 600 por ciento de despidos injustificados dentro del programa C\u00e1tedras Conacyt.<\/p>\n\n\n\n<p>\u201cSe nos piden cuestiones que a otras profesoras y profesores no les piden para conservar sus trabajos, por ejemplo, mantener el nombramiento del sistema Nacional de investigadores\u201d, expres\u00f3.<\/p>\n\n\n\n<p>A nivel nacional son m\u00e1s de 300 integrantes del sindicato mencionado que se est\u00e1n viendo afectados, debido a que el Conacyt les ha negado un contrato colectivo de trabajo.<\/p>\n\n\n\n<p>\u201cConacyt ha dicho que somos solo 43, porque en nuestro registro, al principio fue de 43, pero se han venido sumando m\u00e1s, cada vez con casos m\u00e1s terribles de despidos injustificados\u201d.<\/p>\n\n\n\n<p>Los quejosos tambi\u00e9n han documentado casos de acoso laboral dentro de las instituciones donde laboran.<\/p>\n\n\n\n<p>El Conacyt ha negado el contrato colectivo de trabajo, bajo el argumento de que ya existe otro sindicato con el que ten\u00eda las condiciones generales de trabajo.<\/p>\n\n\n\n<figure class=\"wp-block-image size-large\"><img loading=\"lazy\" decoding=\"async\" width=\"1024\" height=\"768\" src=\"https:\/\/encuentroinformativo.com.mx\/wp-content\/uploads\/2021\/09\/020961BE-4FDE-4567-A1CC-6E9B33955761-1024x768.jpeg\" alt=\"\" class=\"wp-image-18869\" srcset=\"https:\/\/encuentroinformativo.com.mx\/wp-content\/uploads\/2021\/09\/020961BE-4FDE-4567-A1CC-6E9B33955761-1024x768.jpeg 1024w, https:\/\/encuentroinformativo.com.mx\/wp-content\/uploads\/2021\/09\/020961BE-4FDE-4567-A1CC-6E9B33955761-300x225.jpeg 300w, https:\/\/encuentroinformativo.com.mx\/wp-content\/uploads\/2021\/09\/020961BE-4FDE-4567-A1CC-6E9B33955761-768x576.jpeg 768w, https:\/\/encuentroinformativo.com.mx\/wp-content\/uploads\/2021\/09\/020961BE-4FDE-4567-A1CC-6E9B33955761-1536x1152.jpeg 1536w, https:\/\/encuentroinformativo.com.mx\/wp-content\/uploads\/2021\/09\/020961BE-4FDE-4567-A1CC-6E9B33955761.jpeg 2016w\" sizes=\"auto, (max-width: 1024px) 100vw, 1024px\" \/><\/figure>\n","protected":false},"excerpt":{"rendered":"<p>Juan Arcos Xalapa, Ver.- Investigadores del Consejo Nacional de Ciencia y Tecnolog\u00eda (Conacyt) protestaron afuera del Instituto Nacional de Ecolog\u00eda (Inecol) para exigir que sean respetados sus derechos laborales. Se trata de integrantes del Sindicato Independiente de Trabajadoras y Trabajadores de Investigaci\u00f3n de C\u00e1tedras Conacyt (Siintracatedras), quienes dieron a conocer que las manifestaciones se llevaron [&hellip;]<\/p>\n","protected":false},"author":1,"featured_media":18868,"comment_status":"open","ping_status":"open","sticky":false,"template":"","format":"standard","meta":{"_jetpack_memberships_contains_paid_content":false,"footnotes":""},"categories":[8],"tags":[],"class_list":["post-18867","post","type-post","status-publish","format-standard","has-post-thumbnail","hentry","category-region"],"jetpack_featured_media_url":"https:\/\/encuentroinformativo.com.mx\/wp-content\/uploads\/2021\/09\/F0B3E0BE-06C5-487F-94EE-1E4924D87325.jpeg","jetpack_sharing_enabled":true,"jetpack_likes_enabled":true,"amp_enabled":true,"_links":{"self":[{"href":"https:\/\/encuentroinformativo.com.mx\/index.php?rest_route=\/wp\/v2\/posts\/18867","targetHints":{"allow":["GET"]}}],"collection":[{"href":"https:\/\/encuentroinformativo.com.mx\/index.php?rest_route=\/wp\/v2\/posts"}],"about":[{"href":"https:\/\/encuentroinformativo.com.mx\/index.php?rest_route=\/wp\/v2\/types\/post"}],"author":[{"embeddable":true,"href":"https:\/\/encuentroinformativo.com.mx\/index.php?rest_route=\/wp\/v2\/users\/1"}],"replies":[{"embeddable":true,"href":"https:\/\/encuentroinformativo.com.mx\/index.php?rest_route=%2Fwp%2Fv2%2Fcomments&post=18867"}],"version-history":[{"count":1,"href":"https:\/\/encuentroinformativo.com.mx\/index.php?rest_route=\/wp\/v2\/posts\/18867\/revisions"}],"predecessor-version":[{"id":18870,"href":"https:\/\/encuentroinformativo.com.mx\/index.php?rest_route=\/wp\/v2\/posts\/18867\/revisions\/18870"}],"wp:featuredmedia":[{"embeddable":true,"href":"https:\/\/encuentroinformativo.com.mx\/index.php?rest_route=\/wp\/v2\/media\/18868"}],"wp:attachment":[{"href":"https:\/\/encuentroinformativo.com.mx\/index.php?rest_route=%2Fwp%2Fv2%2Fmedia&parent=18867"}],"wp:term":[{"taxonomy":"category","embeddable":true,"href":"https:\/\/encuentroinformativo.com.mx\/index.php?rest_route=%2Fwp%2Fv2%2Fcategories&post=18867"},{"taxonomy":"post_tag","embeddable":true,"href":"https:\/\/encuentroinformativo.com.mx\/index.php?rest_route=%2Fwp%2Fv2%2Ftags&post=18867"}],"curies":[{"name":"wp","href":"https:\/\/api.w.org\/{rel}","templated":true}]}}