{"id":18871,"date":"2021-09-30T12:15:40","date_gmt":"2021-09-30T17:15:40","guid":{"rendered":"https:\/\/encuentroinformativo.com.mx\/?p=18871"},"modified":"2021-09-30T12:15:44","modified_gmt":"2021-09-30T17:15:44","slug":"sindicatos-reprochan-falta-de-atencion-en-la-sev","status":"publish","type":"post","link":"https:\/\/encuentroinformativo.com.mx\/?p=18871","title":{"rendered":"Sindicatos reprochan falta de atenci\u00f3n en la SEV"},"content":{"rendered":"\n<p><strong>Dar\u00edo Pale<\/strong><\/p>\n\n\n\n<p>Xalapa, Ver.- Debido al incumplimiento de los acuerdos los agremiados al Sindicato Innovador Magisterial Veracruzano (SIMVE), desde las 06:00 horas aproximadamente tomaron las instalaciones de la Secretaria de Educaci\u00f3n de Veracruz (SEV).<\/p>\n\n\n\n<p>Entrevistado durante la manifestaci\u00f3n el secretario general del SIMVE Gerardo Vel\u00e1zquez Maravert, se\u00f1al\u00f3 que, hay morosidad de los funcionarios para resolver las demandas de los docentes, porque las peticiones son f\u00e1ciles de resolver.<\/p>\n\n\n\n<p>Por lo que est\u00e1n exigiendo al titular de la SEV Zenyazen Roberto Escobar Garc\u00eda, el cumplimiento de los acuerdos sostenidos, ya que est\u00e1 perjudicando a sus afiliado, ya que en las mesas de negociaciones sostenidas con representantes sindicales y autoridades educativas se establecieron plazos para la soluci\u00f3n de sus demandas, sin embargo, en algunos casos, los plazos ya vencieron y es la fecha que no se da respuesta a dichos acuerdos.<\/p>\n\n\n\n<p>&#8220;Tenemos temas de agenda rezagadas que no han sido atendidas, peticiones que no se han dado soluci\u00f3n clara y estamos esperando a las autoridades para que den soluci\u00f3n y es la fecha que no se han atendido\u201d, se\u00f1al\u00f3.<\/p>\n\n\n\n<p>Destacan que son cambios de adscripci\u00f3n, despidos injustificados y una variedad de asuntos las que est\u00e1n enfrentando y lo \u00fanico que se est\u00e1 exigiendo es que \u201cnos atiendan con eficiencia y que se d\u00e9 la apertura del di\u00e1logo con las autoridades\u201d.<\/p>\n\n\n\n<p>Los plazos tienen t\u00e9rminos establecidos, como es el caso de los cambios de adscripci\u00f3n de Educaci\u00f3n F\u00edsica, de Preescolar, entre otros que no han dado respuesta a ninguna de las peticiones hechas, admiti\u00f3 que no son n\u00fameros relevantes los casos planteados.<\/p>\n\n\n\n<p>&#8220;Lo importante es la morosidad con la que act\u00faan las autoridades del ramo, ya que todos son solucionables y aun as\u00ed no los atienden\u201d, acus\u00f3.<\/p>\n\n\n\n<p>Finalmente dio a conocer que hasta e el-momento ninguna autoridad de la dependencia educativa se hab\u00eda presentado a dialogar con ellos \u201cno ha venido nadie a atendernos hasta el momento\u201d.<\/p>\n\n\n\n<figure class=\"wp-block-image size-large\"><img loading=\"lazy\" decoding=\"async\" width=\"1024\" height=\"523\" src=\"https:\/\/encuentroinformativo.com.mx\/wp-content\/uploads\/2021\/09\/EC237DA4-98DC-4A6D-86B5-3A97EA678EFE-1024x523.jpeg\" alt=\"\" class=\"wp-image-18873\" srcset=\"https:\/\/encuentroinformativo.com.mx\/wp-content\/uploads\/2021\/09\/EC237DA4-98DC-4A6D-86B5-3A97EA678EFE-1024x523.jpeg 1024w, https:\/\/encuentroinformativo.com.mx\/wp-content\/uploads\/2021\/09\/EC237DA4-98DC-4A6D-86B5-3A97EA678EFE-300x153.jpeg 300w, https:\/\/encuentroinformativo.com.mx\/wp-content\/uploads\/2021\/09\/EC237DA4-98DC-4A6D-86B5-3A97EA678EFE-768x392.jpeg 768w, https:\/\/encuentroinformativo.com.mx\/wp-content\/uploads\/2021\/09\/EC237DA4-98DC-4A6D-86B5-3A97EA678EFE.jpeg 1136w\" sizes=\"auto, (max-width: 1024px) 100vw, 1024px\" \/><\/figure>\n","protected":false},"excerpt":{"rendered":"<p>Dar\u00edo Pale Xalapa, Ver.- Debido al incumplimiento de los acuerdos los agremiados al Sindicato Innovador Magisterial Veracruzano (SIMVE), desde las 06:00 horas aproximadamente tomaron las instalaciones de la Secretaria de Educaci\u00f3n de Veracruz (SEV). Entrevistado durante la manifestaci\u00f3n el secretario general del SIMVE Gerardo Vel\u00e1zquez Maravert, se\u00f1al\u00f3 que, hay morosidad de los funcionarios para resolver [&hellip;]<\/p>\n","protected":false},"author":1,"featured_media":18872,"comment_status":"open","ping_status":"open","sticky":false,"template":"","format":"standard","meta":{"_jetpack_memberships_contains_paid_content":false,"footnotes":""},"categories":[3],"tags":[],"class_list":["post-18871","post","type-post","status-publish","format-standard","has-post-thumbnail","hentry","category-xalapa"],"jetpack_featured_media_url":"https:\/\/encuentroinformativo.com.mx\/wp-content\/uploads\/2021\/09\/AA232215-EFBD-453B-843A-84FADB6BEDBB.jpeg","jetpack_sharing_enabled":true,"jetpack_likes_enabled":true,"amp_enabled":true,"_links":{"self":[{"href":"https:\/\/encuentroinformativo.com.mx\/index.php?rest_route=\/wp\/v2\/posts\/18871","targetHints":{"allow":["GET"]}}],"collection":[{"href":"https:\/\/encuentroinformativo.com.mx\/index.php?rest_route=\/wp\/v2\/posts"}],"about":[{"href":"https:\/\/encuentroinformativo.com.mx\/index.php?rest_route=\/wp\/v2\/types\/post"}],"author":[{"embeddable":true,"href":"https:\/\/encuentroinformativo.com.mx\/index.php?rest_route=\/wp\/v2\/users\/1"}],"replies":[{"embeddable":true,"href":"https:\/\/encuentroinformativo.com.mx\/index.php?rest_route=%2Fwp%2Fv2%2Fcomments&post=18871"}],"version-history":[{"count":1,"href":"https:\/\/encuentroinformativo.com.mx\/index.php?rest_route=\/wp\/v2\/posts\/18871\/revisions"}],"predecessor-version":[{"id":18874,"href":"https:\/\/encuentroinformativo.com.mx\/index.php?rest_route=\/wp\/v2\/posts\/18871\/revisions\/18874"}],"wp:featuredmedia":[{"embeddable":true,"href":"https:\/\/encuentroinformativo.com.mx\/index.php?rest_route=\/wp\/v2\/media\/18872"}],"wp:attachment":[{"href":"https:\/\/encuentroinformativo.com.mx\/index.php?rest_route=%2Fwp%2Fv2%2Fmedia&parent=18871"}],"wp:term":[{"taxonomy":"category","embeddable":true,"href":"https:\/\/encuentroinformativo.com.mx\/index.php?rest_route=%2Fwp%2Fv2%2Fcategories&post=18871"},{"taxonomy":"post_tag","embeddable":true,"href":"https:\/\/encuentroinformativo.com.mx\/index.php?rest_route=%2Fwp%2Fv2%2Ftags&post=18871"}],"curies":[{"name":"wp","href":"https:\/\/api.w.org\/{rel}","templated":true}]}}