{"id":18883,"date":"2021-09-30T13:34:45","date_gmt":"2021-09-30T18:34:45","guid":{"rendered":"https:\/\/encuentroinformativo.com.mx\/?p=18883"},"modified":"2021-09-30T13:34:48","modified_gmt":"2021-09-30T18:34:48","slug":"por-visita-presidencial-definiran-cierres-viales-en-veracruz-puerto","status":"publish","type":"post","link":"https:\/\/encuentroinformativo.com.mx\/?p=18883","title":{"rendered":"Por visita presidencial, definir\u00e1n cierres viales en Veracruz puerto"},"content":{"rendered":"\n<p><strong>Alejandro \u00c1vila<\/strong><\/p>\n\n\n\n<p>Veracruz, Ver.- Este viernes el Ayuntamiento de Veracruz podr\u00eda anunciar sobre el cierre de vialidades que se tendr\u00e1 el pr\u00f3ximo lunes 4 de octubre, donde se realizar\u00e1 un desfile para conmemorar los 200 a\u00f1os de la Secretar\u00eda de Marina en M\u00e9xico; adem\u00e1s, ese d\u00eda visitar\u00e1 la ciudad el presidente, Andr\u00e9s Manuel L\u00f3pez Obrador.<\/p>\n\n\n\n<p>El alcalde de Veracruz, Fernando Yunes M\u00e1rquez, mencion\u00f3 que la direcci\u00f3n de Transito Municipal, sostiene reuniones con la Secretar\u00eda de Marina y personal de Presidencia de la Rep\u00fablica, donde detallar\u00e1n las rutas que cerrar\u00e1n por el desfile, adem\u00e1s de lss vialidades bloqueadas por la visita del presidente, la tarde del 4 de octubre en San Juan de Ul\u00faa.<\/p>\n\n\n\n<p>&#8220;Se est\u00e1 trabajando por parte de Tr\u00e1nsito desde el d\u00eda de antier (martes) con la gente de Presidencia y de la Marina, para que nos digan bien cuales son las rutas que se habr\u00e1n de cerrar, seguramente s\u00ed tendremos cierres viales, que habremos de dar a conocer el d\u00eda de ma\u00f1ana, una vez que hayan decidido perfectamente bien cual ser\u00e1 la ruta, sobre todo del desfile, la realidad con el presidente como tal no se cierran vialidades&#8221;, expres\u00f3.<\/p>\n\n\n\n<p>Yunes M\u00e1rquez mencion\u00f3 que hasta el momento no ha recibido una invitaci\u00f3n formal por parte de Presidencia de la Rep\u00fablica para asistir a la visita del presidente en San Juan de Ul\u00faa, y dijo desconocer si en pr\u00f3ximos d\u00edas le har\u00e1n llegar la invitaci\u00f3n al evento.<\/p>\n\n\n\n<p>En otro tema y para finalizar, el edil panista dijo que para la primer quincena de noviembre de debe tener listo el 95 por ciento de la obra p\u00fablica presupuestada para este 2021, entre las cuales destacan la remodelaci\u00f3n en concreto hidr\u00e1ulico de la avenida Dos Bah\u00edas en R\u00edo Medio, calles en Tarimoya y la avenida Fraternidad.<\/p>\n","protected":false},"excerpt":{"rendered":"<p>Alejandro \u00c1vila Veracruz, Ver.- Este viernes el Ayuntamiento de Veracruz podr\u00eda anunciar sobre el cierre de vialidades que se tendr\u00e1 el pr\u00f3ximo lunes 4 de octubre, donde se realizar\u00e1 un desfile para conmemorar los 200 a\u00f1os de la Secretar\u00eda de Marina en M\u00e9xico; adem\u00e1s, ese d\u00eda visitar\u00e1 la ciudad el presidente, Andr\u00e9s Manuel L\u00f3pez Obrador. [&hellip;]<\/p>\n","protected":false},"author":1,"featured_media":18884,"comment_status":"open","ping_status":"open","sticky":false,"template":"","format":"standard","meta":{"_jetpack_memberships_contains_paid_content":false,"footnotes":""},"categories":[2],"tags":[],"class_list":["post-18883","post","type-post","status-publish","format-standard","has-post-thumbnail","hentry","category-estado"],"jetpack_featured_media_url":"https:\/\/encuentroinformativo.com.mx\/wp-content\/uploads\/2021\/09\/1A2100EE-5C2B-487E-80E9-407E8B270403.jpeg","jetpack_sharing_enabled":true,"jetpack_likes_enabled":true,"amp_enabled":true,"_links":{"self":[{"href":"https:\/\/encuentroinformativo.com.mx\/index.php?rest_route=\/wp\/v2\/posts\/18883","targetHints":{"allow":["GET"]}}],"collection":[{"href":"https:\/\/encuentroinformativo.com.mx\/index.php?rest_route=\/wp\/v2\/posts"}],"about":[{"href":"https:\/\/encuentroinformativo.com.mx\/index.php?rest_route=\/wp\/v2\/types\/post"}],"author":[{"embeddable":true,"href":"https:\/\/encuentroinformativo.com.mx\/index.php?rest_route=\/wp\/v2\/users\/1"}],"replies":[{"embeddable":true,"href":"https:\/\/encuentroinformativo.com.mx\/index.php?rest_route=%2Fwp%2Fv2%2Fcomments&post=18883"}],"version-history":[{"count":1,"href":"https:\/\/encuentroinformativo.com.mx\/index.php?rest_route=\/wp\/v2\/posts\/18883\/revisions"}],"predecessor-version":[{"id":18885,"href":"https:\/\/encuentroinformativo.com.mx\/index.php?rest_route=\/wp\/v2\/posts\/18883\/revisions\/18885"}],"wp:featuredmedia":[{"embeddable":true,"href":"https:\/\/encuentroinformativo.com.mx\/index.php?rest_route=\/wp\/v2\/media\/18884"}],"wp:attachment":[{"href":"https:\/\/encuentroinformativo.com.mx\/index.php?rest_route=%2Fwp%2Fv2%2Fmedia&parent=18883"}],"wp:term":[{"taxonomy":"category","embeddable":true,"href":"https:\/\/encuentroinformativo.com.mx\/index.php?rest_route=%2Fwp%2Fv2%2Fcategories&post=18883"},{"taxonomy":"post_tag","embeddable":true,"href":"https:\/\/encuentroinformativo.com.mx\/index.php?rest_route=%2Fwp%2Fv2%2Ftags&post=18883"}],"curies":[{"name":"wp","href":"https:\/\/api.w.org\/{rel}","templated":true}]}}