{"id":18886,"date":"2021-09-30T13:40:30","date_gmt":"2021-09-30T18:40:30","guid":{"rendered":"https:\/\/encuentroinformativo.com.mx\/?p=18886"},"modified":"2021-10-01T00:28:35","modified_gmt":"2021-10-01T05:28:35","slug":"a-finales-de-octubre-uv-retornaria-a-clases-presenciales","status":"publish","type":"post","link":"https:\/\/encuentroinformativo.com.mx\/?p=18886","title":{"rendered":"A finales de octubre, UV retornar\u00eda a clases presenciales"},"content":{"rendered":"\n<p><strong>Dar\u00edo Pale <\/strong><\/p>\n\n\n\n<p>Xalapa, Ver.- Pese a que no hay una fecha exacta para el regreso presencial a clases, podr\u00eda ser a finales de octubre, y es que el aislamiento conlleva entre otros problemas de tipo social, tambi\u00e9n de salud mental, as\u00ed lo se\u00f1al\u00f3 el rector de la Universidad Veracruzana, Mart\u00edn Aguilar S\u00e1nchez.<\/p>\n\n\n\n<p>Entrevistado posterior a la guardia de honor en el parque de Los berros coment\u00f3 que, &#8220;los estudiantes quieren regresar, ya no es un problema solamente de las clases, es un problema en que la Universidad es un punto de relaci\u00f3n social, de c\u00f3mo nos integramos&#8221;.<\/p>\n\n\n\n<p>&#8220;No puedo darles una fecha, quisi\u00e9ramos que fuera lo m\u00e1s pronto posible, estamos pensando a finales de octubre, para que estemos por lo menos a mediados del semestre e ir, gradualmente en algunas \u00e1reas que son estrat\u00e9gicas como laboratorios, talleres&#8230;es un problema no s\u00f3lo de relaci\u00f3n social sino de salud mental&#8221;, agreg\u00f3.<\/p>\n\n\n\n<p>Dio a conocer que se llev\u00f3 a cabo un sondeo a principios de este mes de septiembre entre los estudiantes, mismo que respondi\u00f3 el 66 por ciento de toda la Universidad, donde se les pregunt\u00f3 si ya quer\u00edan regresar a clases presenciales o c\u00f3mo quer\u00edan regresar.<\/p>\n\n\n\n<p>De esos, el 54 por ciento respondi\u00f3 que lo quer\u00edan hacer de manera presencial, el resto pidi\u00f3 clases en l\u00ednea o h\u00edbridas.<\/p>\n\n\n\n<p>&#8220;La mayor\u00eda de los estudiantes ya quieren regresar a clases de manera presencial, entonces estamos trabajando en eso. No nos ha ayudado el sem\u00e1foro, estamos en sem\u00e1foro rojo, pensamos en tener un buen sem\u00e1foro para ir empezando de manera gradual&#8221;, se\u00f1al\u00f3.<\/p>\n\n\n\n<p>Incluso, asegur\u00f3 que ya tienen un esquema en todas las regiones para ver d\u00f3nde s\u00ed van a regresar y la manera en la que lo har\u00e1n, adem\u00e1s de que est\u00e1n trabajando en un esquema para impartir clases en aulas h\u00edbridas, s\u00f3lo esperan que se les autoricen recursos.<\/p>\n\n\n\n<p>Finalmente detall\u00f3 que ser\u00edan un total de 400 aulas de ese tipo en todos los campus de la Universidad.<\/p>\n","protected":false},"excerpt":{"rendered":"<p>Dar\u00edo Pale Xalapa, Ver.- Pese a que no hay una fecha exacta para el regreso presencial a clases, podr\u00eda ser a finales de octubre, y es que el aislamiento conlleva entre otros problemas de tipo social, tambi\u00e9n de salud mental, as\u00ed lo se\u00f1al\u00f3 el rector de la Universidad Veracruzana, Mart\u00edn Aguilar S\u00e1nchez. Entrevistado posterior a [&hellip;]<\/p>\n","protected":false},"author":1,"featured_media":18907,"comment_status":"open","ping_status":"open","sticky":false,"template":"","format":"standard","meta":{"_jetpack_memberships_contains_paid_content":false,"footnotes":""},"categories":[3],"tags":[],"class_list":["post-18886","post","type-post","status-publish","format-standard","has-post-thumbnail","hentry","category-xalapa"],"jetpack_featured_media_url":"https:\/\/encuentroinformativo.com.mx\/wp-content\/uploads\/2021\/09\/7B0A9C11-8DC5-41FB-AE52-C8287A30D70B.jpeg","jetpack_sharing_enabled":true,"jetpack_likes_enabled":true,"amp_enabled":true,"_links":{"self":[{"href":"https:\/\/encuentroinformativo.com.mx\/index.php?rest_route=\/wp\/v2\/posts\/18886","targetHints":{"allow":["GET"]}}],"collection":[{"href":"https:\/\/encuentroinformativo.com.mx\/index.php?rest_route=\/wp\/v2\/posts"}],"about":[{"href":"https:\/\/encuentroinformativo.com.mx\/index.php?rest_route=\/wp\/v2\/types\/post"}],"author":[{"embeddable":true,"href":"https:\/\/encuentroinformativo.com.mx\/index.php?rest_route=\/wp\/v2\/users\/1"}],"replies":[{"embeddable":true,"href":"https:\/\/encuentroinformativo.com.mx\/index.php?rest_route=%2Fwp%2Fv2%2Fcomments&post=18886"}],"version-history":[{"count":1,"href":"https:\/\/encuentroinformativo.com.mx\/index.php?rest_route=\/wp\/v2\/posts\/18886\/revisions"}],"predecessor-version":[{"id":18887,"href":"https:\/\/encuentroinformativo.com.mx\/index.php?rest_route=\/wp\/v2\/posts\/18886\/revisions\/18887"}],"wp:featuredmedia":[{"embeddable":true,"href":"https:\/\/encuentroinformativo.com.mx\/index.php?rest_route=\/wp\/v2\/media\/18907"}],"wp:attachment":[{"href":"https:\/\/encuentroinformativo.com.mx\/index.php?rest_route=%2Fwp%2Fv2%2Fmedia&parent=18886"}],"wp:term":[{"taxonomy":"category","embeddable":true,"href":"https:\/\/encuentroinformativo.com.mx\/index.php?rest_route=%2Fwp%2Fv2%2Fcategories&post=18886"},{"taxonomy":"post_tag","embeddable":true,"href":"https:\/\/encuentroinformativo.com.mx\/index.php?rest_route=%2Fwp%2Fv2%2Ftags&post=18886"}],"curies":[{"name":"wp","href":"https:\/\/api.w.org\/{rel}","templated":true}]}}